{"id":21310,"date":"2023-05-06T15:54:05","date_gmt":"2023-05-06T18:54:05","guid":{"rendered":"https:\/\/chacosintesis.com.ar\/?p=21310"},"modified":"2023-05-06T16:08:18","modified_gmt":"2023-05-06T19:08:18","slug":"capitanich-en-la-apertura-del-curso-de-posgrado-en-derecho-constitucional-judicial","status":"publish","type":"post","link":"https:\/\/chacosintesis.com.ar\/index.php\/capitanich-en-la-apertura-del-curso-de-posgrado-en-derecho-constitucional-judicial\/","title":{"rendered":"Capitanich en la apertura del curso de Posgrado en Derecho Constitucional Judicial"},"content":{"rendered":"<p>El acto se realiz\u00f3 en el Sal\u00f3n Casablanca del Hotel Amerian de Resistencia.<br \/>\nEl gobernador Jorge Capitanich particip\u00f3 esta tarde de la apertura y clase inaugural de la oferta acad\u00e9mica universitaria disponible para la formaci\u00f3n de las y los profesionales especialistas en Derecho Penal. Se trata del curso de Posgrado en Derecho Constitucional Judicial, a cargo del doctor Patricio Maraniello, que inici\u00f3 este viernes 5 de mayo -desde las 17 en el Sal\u00f3n Casablanca del Hotel Amerian- en modalidad virtual (a trav\u00e9s de la plataforma de la Fundaci\u00f3n Formarte).<br \/>\n\u201cEs un gran gusto propiciar un mecanismo de apoyo y sostenimiento para la realizaci\u00f3n del curso de posgrado Derecho Constitucional Judicial que estamos inaugurando y que tiene un certificado de la Facultad de Derecho de la Universidad de Buenos Aires\u201d, destac\u00f3 el mandatario provincial a trav\u00e9s de las redes sociales. De la actividad tambi\u00e9n particip\u00f3 el juez federal 2 de Resistencia, doctor Ricardo Mianovich; la ministra del Superior Tribunal de Justicia del Chaco, Iride Grillo y Jos\u00e9 Galassi, titular del Colegio de Abogados y Procuradores de Resistencia, entre otras autoridades.<br \/>\nFinalmente el Jefe del Ejecutivo chaque\u00f1o reconoci\u00f3 que \u201cexiste una cuesti\u00f3n que nosotros deberemos trabajar hacia el futuro\u201d, adelantando lo que ser\u00e1 un convenio con American University y otros temas \u201cque hacen a la incumbencia profesional a nivel internacional, que forman parte de esa agenda de v\u00ednculos e interacci\u00f3n que tiene generalmente la profesi\u00f3n con el resto del mundo\u201d, concluy\u00f3.<br \/>\nEl director del curso, Patricio Marianello se refiri\u00f3 a la posibilidad de esta capacitaci\u00f3n como una manera de \u201cfederalizar la ense\u00f1anza del Derecho\u201d, agradeci\u00f3 el apoyo del Gobernador a la concreci\u00f3n del espacio, considerando que \u201cla profesi\u00f3n de abogado requiere de la actualizaci\u00f3n y el perfeccionamiento\u201d. Defini\u00f3 al Posgrado como \u201cmoderno y din\u00e1mico\u201d, remarcando su objetivo principal de \u201cexplicar el derecho constitucional desde la visi\u00f3n de la justicia, vi\u00e9ndola como un indicador y una tarea no s\u00f3lo de jueces sino de funcionarios judiciales, abogados, fiscales, es decir, a nivel integral, ver la funci\u00f3n judicial ejercida a trav\u00e9s de par\u00e1metros constitucionales\u201d.<br \/>\n\u201cEste es un curso que tiene un plazo de duraci\u00f3n de casi 128 horas e implica el planteo sobre garant\u00edas constitucionales, protecci\u00f3n de los derechos individuales y colectivos, y modos para las decisiones de los tribunales superiores\u201d, agreg\u00f3 el mandatario chaque\u00f1o. Y coment\u00f3: \u201cCuenta con pr\u00e1ctica constitucional y derecho constitucional jur\u00eddico con un muy buen impacto en el proceso de formaci\u00f3n\u201d.<br \/>\nA su vez, record\u00f3: \u201cHemos lanzado una serie de iniciativas para el comercio electr\u00f3nico y la capacidad de prestaci\u00f3n de servicios profesionales al pa\u00eds y al resto del mundo\u201d. \u201cTambi\u00e9n hay trabajos que abarcan iniciativas de reforma constitucional, evaluaciones y recomendaciones que pueden formar parte de trabajos pr\u00e1cticos que, en el ejercicio del curso de formaci\u00f3n, pueden ser de gran contribuci\u00f3n\u201d, concluy\u00f3. El posgrado, cuenta con la certificaci\u00f3n de la UBA (Universidad de Buenos Aires) en convenio con la Asociaci\u00f3n Argentina de Justicia Constitucional (AAJC) y el Colegio P\u00fablico de Abogados y Procuradores de Resistencia.  La duraci\u00f3n es de siete meses y los d\u00edas de cursado ser\u00e1n los viernes y s\u00e1bados, cada 15 d\u00edas.<br \/>\nDiplomatura Universitaria<br \/>\nPor otra parte, la Diplomatura Universitaria en Derecho Penal Constitucional Federal, a cargo del director doctor Ricardo Mianovich y el doctor Patricio Maraniello, comenzar\u00e1 el pr\u00f3ximo 9 de mayo, en modalidad virtual. La misma es certificada por la Universidad Nacional del Chaco Austral (UNCAUS), y tambi\u00e9n tendr\u00e1 una duraci\u00f3n de siete meses. Los d\u00edas y horarios de cursado ser\u00e1n los martes, de 15 a 18. La clase inaugural estar\u00e1 a cargo de los jueces federales Daniel Rafecas, Ricardo Mianovich y Patricio Maraniello.<\/p>\n","protected":false},"excerpt":{"rendered":"<p>El acto se realiz\u00f3 en el Sal\u00f3n Casablanca del Hotel Amerian de Resistencia. El gobernador Jorge Capitanich particip\u00f3 esta tarde de la apertura y clase inaugural de la oferta acad\u00e9mica universitaria disponible para la formaci\u00f3n de las y los profesionales especialistas en Derecho Penal. Se trata del curso de Posgrado en Derecho Constitucional Judicial, a [&hellip;]<\/p>\n","protected":false},"author":1,"featured_media":21311,"comment_status":"closed","ping_status":"closed","sticky":false,"template":"","format":"standard","meta":{"footnotes":""},"categories":[6],"tags":[],"class_list":{"0":"post-21310","1":"post","2":"type-post","3":"status-publish","4":"format-standard","5":"has-post-thumbnail","7":"category-chaco"},"_links":{"self":[{"href":"https:\/\/chacosintesis.com.ar\/index.php\/wp-json\/wp\/v2\/posts\/21310","targetHints":{"allow":["GET"]}}],"collection":[{"href":"https:\/\/chacosintesis.com.ar\/index.php\/wp-json\/wp\/v2\/posts"}],"about":[{"href":"https:\/\/chacosintesis.com.ar\/index.php\/wp-json\/wp\/v2\/types\/post"}],"author":[{"embeddable":true,"href":"https:\/\/chacosintesis.com.ar\/index.php\/wp-json\/wp\/v2\/users\/1"}],"replies":[{"embeddable":true,"href":"https:\/\/chacosintesis.com.ar\/index.php\/wp-json\/wp\/v2\/comments?post=21310"}],"version-history":[{"count":0,"href":"https:\/\/chacosintesis.com.ar\/index.php\/wp-json\/wp\/v2\/posts\/21310\/revisions"}],"wp:featuredmedia":[{"embeddable":true,"href":"https:\/\/chacosintesis.com.ar\/index.php\/wp-json\/wp\/v2\/media\/21311"}],"wp:attachment":[{"href":"https:\/\/chacosintesis.com.ar\/index.php\/wp-json\/wp\/v2\/media?parent=21310"}],"wp:term":[{"taxonomy":"category","embeddable":true,"href":"https:\/\/chacosintesis.com.ar\/index.php\/wp-json\/wp\/v2\/categories?post=21310"},{"taxonomy":"post_tag","embeddable":true,"href":"https:\/\/chacosintesis.com.ar\/index.php\/wp-json\/wp\/v2\/tags?post=21310"}],"curies":[{"name":"wp","href":"https:\/\/api.w.org\/{rel}","templated":true}]}}