{"id":21306,"date":"2023-05-06T09:43:21","date_gmt":"2023-05-06T12:43:21","guid":{"rendered":"https:\/\/chacosintesis.com.ar\/?p=21306"},"modified":"2023-05-06T10:06:42","modified_gmt":"2023-05-06T13:06:42","slug":"las-brenas","status":"publish","type":"post","link":"https:\/\/chacosintesis.com.ar\/index.php\/las-brenas\/","title":{"rendered":"Las Bre\u00f1as:"},"content":{"rendered":"<p>El siniestro ocurri\u00f3 por la ruta N\u00b0 6 el viernes por la tarde, los agentes de la Comisar\u00eda Las Bre\u00f1as fueron alertados de un accidente de tr\u00e1nsito por ruta N\u00b0 6 entre las calles Paraguay y Brasil. Una persona falleci\u00f3 en el lugar.<br \/>\nCerca de las 19:10 los uniformados fueron hacia el lugar del siniestro y constataron que los part\u00edcipes eran un colectivo conducido por un hombre de 42 a\u00f1os y la otra parte una bicicleta tipo playera guiada por  Pascual Osvaldo Roldan. Los m\u00e9dicos constataron su deceso.<br \/>\nLa Fiscal\u00eda Penal en Turno orden\u00f3 que personal del Gabinete Cient\u00edfico realice las pericias en el lugar y luego Divisi\u00f3n Bombero traslade al occiso hacia la morgue judicial.<\/p>\n","protected":false},"excerpt":{"rendered":"<p>El siniestro ocurri\u00f3 por la ruta N\u00b0 6 el viernes por la tarde, los agentes de la Comisar\u00eda Las Bre\u00f1as fueron alertados de un accidente de tr\u00e1nsito por ruta N\u00b0 6 entre las calles Paraguay y Brasil. Una persona falleci\u00f3 en el lugar. Cerca de las 19:10 los uniformados fueron hacia el lugar del siniestro [&hellip;]<\/p>\n","protected":false},"author":1,"featured_media":21307,"comment_status":"closed","ping_status":"closed","sticky":false,"template":"","format":"standard","meta":{"footnotes":""},"categories":[6],"tags":[],"class_list":{"0":"post-21306","1":"post","2":"type-post","3":"status-publish","4":"format-standard","5":"has-post-thumbnail","7":"category-chaco"},"_links":{"self":[{"href":"https:\/\/chacosintesis.com.ar\/index.php\/wp-json\/wp\/v2\/posts\/21306","targetHints":{"allow":["GET"]}}],"collection":[{"href":"https:\/\/chacosintesis.com.ar\/index.php\/wp-json\/wp\/v2\/posts"}],"about":[{"href":"https:\/\/chacosintesis.com.ar\/index.php\/wp-json\/wp\/v2\/types\/post"}],"author":[{"embeddable":true,"href":"https:\/\/chacosintesis.com.ar\/index.php\/wp-json\/wp\/v2\/users\/1"}],"replies":[{"embeddable":true,"href":"https:\/\/chacosintesis.com.ar\/index.php\/wp-json\/wp\/v2\/comments?post=21306"}],"version-history":[{"count":0,"href":"https:\/\/chacosintesis.com.ar\/index.php\/wp-json\/wp\/v2\/posts\/21306\/revisions"}],"wp:featuredmedia":[{"embeddable":true,"href":"https:\/\/chacosintesis.com.ar\/index.php\/wp-json\/wp\/v2\/media\/21307"}],"wp:attachment":[{"href":"https:\/\/chacosintesis.com.ar\/index.php\/wp-json\/wp\/v2\/media?parent=21306"}],"wp:term":[{"taxonomy":"category","embeddable":true,"href":"https:\/\/chacosintesis.com.ar\/index.php\/wp-json\/wp\/v2\/categories?post=21306"},{"taxonomy":"post_tag","embeddable":true,"href":"https:\/\/chacosintesis.com.ar\/index.php\/wp-json\/wp\/v2\/tags?post=21306"}],"curies":[{"name":"wp","href":"https:\/\/api.w.org\/{rel}","templated":true}]}}