{"id":21287,"date":"2023-05-05T20:07:12","date_gmt":"2023-05-05T23:07:12","guid":{"rendered":"https:\/\/chacosintesis.com.ar\/?p=21287"},"modified":"2023-05-05T20:36:57","modified_gmt":"2023-05-05T23:36:57","slug":"las-lluvias-no-superaron-los-30-milimetros-y-abarcaron-buena-parte-de-la-provincia","status":"publish","type":"post","link":"https:\/\/chacosintesis.com.ar\/index.php\/las-lluvias-no-superaron-los-30-milimetros-y-abarcaron-buena-parte-de-la-provincia\/","title":{"rendered":"Las lluvias no superaron los 30 mil\u00edmetros y abarcaron buena parte de la provincia"},"content":{"rendered":"<p>La jornada del viernes volvi\u00f3 a tener lluvias de escasos milimetrajes que se concentraron en buena parte del territorio chaque\u00f1o. En Resistencia cayeron 8 mil\u00edmetros hasta las 17, seg\u00fan el reporte de la Polic\u00eda del Chaco. En el resto del \u00e1rea metropolitana, en Barranqueras se registraron 7 mm y en Puerto Vilelas, 6 mm.<\/p>\n<p>Adem\u00e1s, en Puerto Tirol y en Colonia Ben\u00edtez cayeron 7 mm; en Makall\u00e9, 5 mm; 11 mm en La Escondida; 3 mm en La Verde; 10 mm en Margarita Bel\u00e9n; y 9 mm en la Isla del Cerrito.<br \/>\nOtros registros de la jornada fueron: Haumonia, 24 mm; Horquilla, 20 mm; Las Palmas y Charadai, 15 mm; General Vedia y Cote Lai, 10 mm; Puerto Bermejo, 9 mm; y La Sabana, 5 mm.<br \/>\nAdem\u00e1s, llovi\u00f3 en La Clotilde, 14 mm; Villa Berthet, 10 mm; Samuh\u00fa, 7 mm; El Tacuruzal, 5 mm; La Tigra, 4 mm; Presidencia de la Plaza y Enrique Urien, 3 mm; Santa Sylvina, 2 mm; Villa \u00c1ngela y San Bernardo, 1 mm.<br \/>\nTambi\u00e9n, en Hermoso Campo cayeron 14 mm; en Gancedo, 7 mm; en General Pinedo, 6 mm; Campo Largo y Concepci\u00f3n del Bermejo, 5 mm; Corzuela, 4 mm; en Pampa del Infierno y Taco Pozo, 3 mm; y en Charata cayeron 2 mm.<br \/>\nFinalmente, en la zona de General San Mart\u00edn tambi\u00e9n hubo registros, con 6 mm en esa localidad; 5 mm en Ciervo Petiso; 15 mm en Pampa Almir\u00f3n, e igual milimetraje en La Eduvigis; 7 mm en Colonia Elisa; 6 mm en Colonia Elisa; 5 mm en Pampa del Indio; 4 mm en Capit\u00e1n Solari; y 12 mm en Selvas del R\u00edo de Oro.<\/p>\n","protected":false},"excerpt":{"rendered":"<p>La jornada del viernes volvi\u00f3 a tener lluvias de escasos milimetrajes que se concentraron en buena parte del territorio chaque\u00f1o. En Resistencia cayeron 8 mil\u00edmetros hasta las 17, seg\u00fan el reporte de la Polic\u00eda del Chaco. En el resto del \u00e1rea metropolitana, en Barranqueras se registraron 7 mm y en Puerto Vilelas, 6 mm. Adem\u00e1s, [&hellip;]<\/p>\n","protected":false},"author":1,"featured_media":21288,"comment_status":"closed","ping_status":"closed","sticky":false,"template":"","format":"standard","meta":{"footnotes":""},"categories":[6],"tags":[],"class_list":{"0":"post-21287","1":"post","2":"type-post","3":"status-publish","4":"format-standard","5":"has-post-thumbnail","7":"category-chaco"},"_links":{"self":[{"href":"https:\/\/chacosintesis.com.ar\/index.php\/wp-json\/wp\/v2\/posts\/21287","targetHints":{"allow":["GET"]}}],"collection":[{"href":"https:\/\/chacosintesis.com.ar\/index.php\/wp-json\/wp\/v2\/posts"}],"about":[{"href":"https:\/\/chacosintesis.com.ar\/index.php\/wp-json\/wp\/v2\/types\/post"}],"author":[{"embeddable":true,"href":"https:\/\/chacosintesis.com.ar\/index.php\/wp-json\/wp\/v2\/users\/1"}],"replies":[{"embeddable":true,"href":"https:\/\/chacosintesis.com.ar\/index.php\/wp-json\/wp\/v2\/comments?post=21287"}],"version-history":[{"count":0,"href":"https:\/\/chacosintesis.com.ar\/index.php\/wp-json\/wp\/v2\/posts\/21287\/revisions"}],"wp:featuredmedia":[{"embeddable":true,"href":"https:\/\/chacosintesis.com.ar\/index.php\/wp-json\/wp\/v2\/media\/21288"}],"wp:attachment":[{"href":"https:\/\/chacosintesis.com.ar\/index.php\/wp-json\/wp\/v2\/media?parent=21287"}],"wp:term":[{"taxonomy":"category","embeddable":true,"href":"https:\/\/chacosintesis.com.ar\/index.php\/wp-json\/wp\/v2\/categories?post=21287"},{"taxonomy":"post_tag","embeddable":true,"href":"https:\/\/chacosintesis.com.ar\/index.php\/wp-json\/wp\/v2\/tags?post=21287"}],"curies":[{"name":"wp","href":"https:\/\/api.w.org\/{rel}","templated":true}]}}