{"id":21284,"date":"2023-05-05T13:46:00","date_gmt":"2023-05-05T16:46:00","guid":{"rendered":"https:\/\/chacosintesis.com.ar\/?p=21284"},"modified":"2023-05-05T17:49:26","modified_gmt":"2023-05-05T20:49:26","slug":"cuesta-la-solidaridad-es-un-valor-que-nunca-debemos-perder","status":"publish","type":"post","link":"https:\/\/chacosintesis.com.ar\/index.php\/cuesta-la-solidaridad-es-un-valor-que-nunca-debemos-perder\/","title":{"rendered":"Cuesta: \u201cLa solidaridad es un valor que nunca debemos perder\u201d"},"content":{"rendered":"\n<p>Eli Cuesta, precandidata a intendenta de Resistencia por la Corriente de Expresi\u00f3n Renovada (CER), visit\u00f3 el merendero Luchando por los Ni\u00f1os, ubicado en el barrio Bettina V\u00e1squez, que asiste con merienda y cena a m\u00e1s de 40 ni\u00f1as, ni\u00f1os y sus familias. El lugar es atendido por mujeres y se sostiene con donaciones de las y los vecinos, huertas comunitarias y la confecci\u00f3n y venta de mu\u00f1ecas artesanales.<br>Cuesta resalt\u00f3 el compromiso social de la encargada Zulema Medina y de quienes la acompa\u00f1an todos los d\u00edas para que a las y los ni\u00f1os no les falte la comida. \u201cLa solidaridad es un valor que nunca debemos perder; estas mujeres trabajan a pulm\u00f3n dejando el coraz\u00f3n por todas las y los ni\u00f1os de esta barriada donde hay muchas necesidades\u201d, manifest\u00f3.<br>Asimismo, la precandidata del CER marc\u00f3 la importancia de brindar un plato de comida en estos tiempos de mucha necesidad, alentando a todas y todos los vecinos a colaborar con el merendero. \u201cEn este barrio hace mucha falta la ayuda, estamos haciendo una colecta para reunir ropa de abrigo y zapatillas, as\u00ed que pedimos colaboraci\u00f3n, que se contacten a nuestras redes y, entre todas y todos, podamos ayudar a nuestras ni\u00f1as y ni\u00f1os porque se vienen tiempos de mucho fr\u00edo\u201d, asegur\u00f3.<br>Por otra parte, Cuesta agradeci\u00f3 a todas las personas que desde la solidaridad intentan construir una sociedad mejor tendiendo una mano amiga a los que menos tienen. En este sentido dijo que tratan de estar en todos los lugares que lo solicitan, \u201cdonde vamos y asistimos con las donaciones que recibimos, por eso quiero agradecer a toda la gente que conf\u00eda en nosotros para que lleguemos a cada barrio para que estos espacios sigan funcionando\u201d.<br>Adem\u00e1s, destac\u00f3 a las madres del barrio Bettina V\u00e1squez que son las que realizan el esfuerzo solidario de mantener el merendero. \u201cComo siempre, las mujeres al frente, las que somos mam\u00e1s sabemos lo que significa tener un plato de comida en la mesa de nuestras ni\u00f1as y ni\u00f1os, as\u00ed que agradezco a estas mujeres de fierro por el trabajo que hacen\u201d, marc\u00f3.<br>Un esfuerzo que se realiza a pulm\u00f3n<br>Zulema Medina agradeci\u00f3 las donaciones realizadas por Eli Cuesta y destac\u00f3 el gesto de compartir con las y los ni\u00f1os. \u201cEste trabajo solidario lo hacemos con mucho esfuerzo, por eso estamos agradecidas de ser escuchadas por alguien, para sostener este comedor. Nosotros tenemos una peque\u00f1a huerta y de ah\u00ed sacamos para hacer la cena y vendemos lo que nos sale. Tambi\u00e9n hacemos mu\u00f1ecas para vender, todo a pulm\u00f3n\u201d, manifest\u00f3.<br>Para todas y todos quienes quieran colaborar con el merendero Luchando por los Ni\u00f1os, Zulema brind\u00f3 los n\u00fameros telef\u00f3nicos para comunicarse: 362-4188462 y 362-4122776<\/p>\n","protected":false},"excerpt":{"rendered":"<p>Eli Cuesta, precandidata a intendenta de Resistencia por la Corriente de Expresi\u00f3n Renovada (CER), visit\u00f3 el merendero Luchando por los Ni\u00f1os, ubicado en el barrio Bettina V\u00e1squez, que asiste con merienda y cena a m\u00e1s de 40 ni\u00f1as, ni\u00f1os y sus familias. El lugar es atendido por mujeres y se sostiene con donaciones de las [&hellip;]<\/p>\n","protected":false},"author":1,"featured_media":21285,"comment_status":"closed","ping_status":"closed","sticky":false,"template":"","format":"standard","meta":{"footnotes":""},"categories":[6],"tags":[202],"class_list":{"0":"post-21284","1":"post","2":"type-post","3":"status-publish","4":"format-standard","5":"has-post-thumbnail","7":"category-chaco","8":"tag-legislatura"},"_links":{"self":[{"href":"https:\/\/chacosintesis.com.ar\/index.php\/wp-json\/wp\/v2\/posts\/21284","targetHints":{"allow":["GET"]}}],"collection":[{"href":"https:\/\/chacosintesis.com.ar\/index.php\/wp-json\/wp\/v2\/posts"}],"about":[{"href":"https:\/\/chacosintesis.com.ar\/index.php\/wp-json\/wp\/v2\/types\/post"}],"author":[{"embeddable":true,"href":"https:\/\/chacosintesis.com.ar\/index.php\/wp-json\/wp\/v2\/users\/1"}],"replies":[{"embeddable":true,"href":"https:\/\/chacosintesis.com.ar\/index.php\/wp-json\/wp\/v2\/comments?post=21284"}],"version-history":[{"count":0,"href":"https:\/\/chacosintesis.com.ar\/index.php\/wp-json\/wp\/v2\/posts\/21284\/revisions"}],"wp:featuredmedia":[{"embeddable":true,"href":"https:\/\/chacosintesis.com.ar\/index.php\/wp-json\/wp\/v2\/media\/21285"}],"wp:attachment":[{"href":"https:\/\/chacosintesis.com.ar\/index.php\/wp-json\/wp\/v2\/media?parent=21284"}],"wp:term":[{"taxonomy":"category","embeddable":true,"href":"https:\/\/chacosintesis.com.ar\/index.php\/wp-json\/wp\/v2\/categories?post=21284"},{"taxonomy":"post_tag","embeddable":true,"href":"https:\/\/chacosintesis.com.ar\/index.php\/wp-json\/wp\/v2\/tags?post=21284"}],"curies":[{"name":"wp","href":"https:\/\/api.w.org\/{rel}","templated":true}]}}