{"id":21281,"date":"2023-05-03T14:11:00","date_gmt":"2023-05-03T17:11:00","guid":{"rendered":"https:\/\/chacosintesis.com.ar\/?p=21281"},"modified":"2023-05-05T17:46:41","modified_gmt":"2023-05-05T20:46:41","slug":"cuesta-propone-crear-un-servicio-de-atencion-en-salud-para-veteranos-de-malvinas","status":"publish","type":"post","link":"https:\/\/chacosintesis.com.ar\/index.php\/cuesta-propone-crear-un-servicio-de-atencion-en-salud-para-veteranos-de-malvinas\/","title":{"rendered":"Cuesta propone crear un servicio de atenci\u00f3n en salud para veteranos de Malvinas"},"content":{"rendered":"\n<p>Con el objetivo de disminuir las secuelas cr\u00f3nicas que dej\u00f3 el conflicto b\u00e9lico de 1982 en los h\u00e9roes de Malvinas y sus familiares, la presidenta del Poder Legislativo, Elida Cuesta, present\u00f3 el proyecto de ley 2042\/22, el cual busca crear, en el \u00e1mbito del Ministerio de Salud P\u00fablica, un servicio de atenci\u00f3n integral en salud para veteranos de guerra. La iniciativa tuvo despacho un\u00e1nime de la Comisi\u00f3n de Salud, por lo que podr\u00eda convertirse en ley en la pr\u00f3xima sesi\u00f3n.<br>Cuesta remarc\u00f3 que el reconocimiento y la reivindicaci\u00f3n a los veteranos es una pol\u00edtica de Estado. \u201cNosotros tenemos la firme convicci\u00f3n de cambiar la mirada hacia los excombatientes, reconocerlos por lo que son verdaderamente: nuestros h\u00e9roes, porque dieron todo por defender la Patria\u201d, manifest\u00f3.<br>Asimismo, agreg\u00f3 que el servicio de atenci\u00f3n primaria ser\u00e1 destinado a los veteranos y a sus familiares directos. \u201cEsta iniciativa busca mejorar su calidad de vida posibilitando la recuperaci\u00f3n e inserci\u00f3n en la vida social, adem\u00e1s de propiciar el bienestar psicof\u00edsico y mental, abordando la prevenci\u00f3n de patolog\u00edas psicosociales\u201d, asever\u00f3 la titular parlamentaria.<br>La legisladora pidi\u00f3 en ese sentido disculpas en nombre de todo el pueblo argentino por los a\u00f1os de desidia y abandono hacia los veteranos y sus familias. \u201cComo siempre digo, desde el Estado y toda la sociedad argentina debemos pedir perd\u00f3n a nuestros excombatientes por todos los a\u00f1os que se ha mirado para el costado. Sabemos, por el contacto que tenemos y por estad\u00edsticas no oficiales, que hubo muchos suicidios por las secuelas que dej\u00f3 el combate armado en las islas y las vivencias que tuvieron que padecer los soldados, por lo que entendemos la importancia de este proyecto\u201d, asegur\u00f3.<br>Por \u00faltimo, Cuesta agradeci\u00f3 el acompa\u00f1amiento de las y los legisladores y de todas y todos quienes integran la Comisi\u00f3n de Salud por el despacho favorable, instando a las y los integrantes del cuerpo a seguir trabajando por todas y todos los chaque\u00f1os. \u201cM\u00e1s all\u00e1 de las coyunturas electorales, nosotros, los representantes del pueblo, debemos seguir trabajando cerca de la gente, escuchando sus demandas y resolviendo las problem\u00e1ticas, honrando la confianza que el pueblo chaque\u00f1o deposit\u00f3 en nosotros\u201d, concluy\u00f3<\/p>\n","protected":false},"excerpt":{"rendered":"<p>Con el objetivo de disminuir las secuelas cr\u00f3nicas que dej\u00f3 el conflicto b\u00e9lico de 1982 en los h\u00e9roes de Malvinas y sus familiares, la presidenta del Poder Legislativo, Elida Cuesta, present\u00f3 el proyecto de ley 2042\/22, el cual busca crear, en el \u00e1mbito del Ministerio de Salud P\u00fablica, un servicio de atenci\u00f3n integral en salud [&hellip;]<\/p>\n","protected":false},"author":1,"featured_media":21282,"comment_status":"closed","ping_status":"closed","sticky":false,"template":"","format":"standard","meta":{"footnotes":""},"categories":[6],"tags":[202],"class_list":{"0":"post-21281","1":"post","2":"type-post","3":"status-publish","4":"format-standard","5":"has-post-thumbnail","7":"category-chaco","8":"tag-legislatura"},"_links":{"self":[{"href":"https:\/\/chacosintesis.com.ar\/index.php\/wp-json\/wp\/v2\/posts\/21281","targetHints":{"allow":["GET"]}}],"collection":[{"href":"https:\/\/chacosintesis.com.ar\/index.php\/wp-json\/wp\/v2\/posts"}],"about":[{"href":"https:\/\/chacosintesis.com.ar\/index.php\/wp-json\/wp\/v2\/types\/post"}],"author":[{"embeddable":true,"href":"https:\/\/chacosintesis.com.ar\/index.php\/wp-json\/wp\/v2\/users\/1"}],"replies":[{"embeddable":true,"href":"https:\/\/chacosintesis.com.ar\/index.php\/wp-json\/wp\/v2\/comments?post=21281"}],"version-history":[{"count":0,"href":"https:\/\/chacosintesis.com.ar\/index.php\/wp-json\/wp\/v2\/posts\/21281\/revisions"}],"wp:featuredmedia":[{"embeddable":true,"href":"https:\/\/chacosintesis.com.ar\/index.php\/wp-json\/wp\/v2\/media\/21282"}],"wp:attachment":[{"href":"https:\/\/chacosintesis.com.ar\/index.php\/wp-json\/wp\/v2\/media?parent=21281"}],"wp:term":[{"taxonomy":"category","embeddable":true,"href":"https:\/\/chacosintesis.com.ar\/index.php\/wp-json\/wp\/v2\/categories?post=21281"},{"taxonomy":"post_tag","embeddable":true,"href":"https:\/\/chacosintesis.com.ar\/index.php\/wp-json\/wp\/v2\/tags?post=21281"}],"curies":[{"name":"wp","href":"https:\/\/api.w.org\/{rel}","templated":true}]}}