{"id":21279,"date":"2023-05-05T16:53:18","date_gmt":"2023-05-05T19:53:18","guid":{"rendered":"https:\/\/chacosintesis.com.ar\/?p=21279"},"modified":"2023-05-05T17:06:48","modified_gmt":"2023-05-05T20:06:48","slug":"la-clotilde-hombre-sobrevivio-luego-de-que-le-caiga-un-rayo-en-la-calle","status":"publish","type":"post","link":"https:\/\/chacosintesis.com.ar\/index.php\/la-clotilde-hombre-sobrevivio-luego-de-que-le-caiga-un-rayo-en-la-calle\/","title":{"rendered":"La Clotilde: Hombre sobrevivi\u00f3 luego de que le caiga un rayo en la calle"},"content":{"rendered":"<p>Se encuentra vigente el alerta meteorol\u00f3gico en toda la regi\u00f3n chaque\u00f1a, a tal punto que se comienzan a visualizar las primeras estelas de rayos, por lo que un hombre fue la v\u00edctima de uno de \u00e9stos que cay\u00f3 sobre \u00e9l cuando transitaba por las calles de La Clotilde.<br \/>\n En la jornada de este viernes, un hombre que caminaba por la vereda de la localidad de La Clotilde, fue alcanzado por un rayo bajo el alerta meteorol\u00f3gico que afecta a la regi\u00f3n. Este fen\u00f3meno le produjo muchas quemaduras en el cuerpo por lo que efectivos de la Polic\u00eda lo asistieron.<\/p>\n<p>La v\u00edctima, fue trasladada hacia el Hospital 4 de junio de la localidad de Presidencia Roque S\u00e1enz Pe\u00f1a. Se aguarda el parte m\u00e9dico de esta persona, pero se pudo conocer que se encuentra en buen estado de salud.<\/p>\n<p>Diario22.ar<\/p>\n","protected":false},"excerpt":{"rendered":"<p>Se encuentra vigente el alerta meteorol\u00f3gico en toda la regi\u00f3n chaque\u00f1a, a tal punto que se comienzan a visualizar las primeras estelas de rayos, por lo que un hombre fue la v\u00edctima de uno de \u00e9stos que cay\u00f3 sobre \u00e9l cuando transitaba por las calles de La Clotilde. En la jornada de este viernes, un [&hellip;]<\/p>\n","protected":false},"author":1,"featured_media":21280,"comment_status":"closed","ping_status":"closed","sticky":false,"template":"","format":"standard","meta":{"footnotes":""},"categories":[6],"tags":[197],"class_list":{"0":"post-21279","1":"post","2":"type-post","3":"status-publish","4":"format-standard","5":"has-post-thumbnail","7":"category-chaco","8":"tag-destacada"},"_links":{"self":[{"href":"https:\/\/chacosintesis.com.ar\/index.php\/wp-json\/wp\/v2\/posts\/21279","targetHints":{"allow":["GET"]}}],"collection":[{"href":"https:\/\/chacosintesis.com.ar\/index.php\/wp-json\/wp\/v2\/posts"}],"about":[{"href":"https:\/\/chacosintesis.com.ar\/index.php\/wp-json\/wp\/v2\/types\/post"}],"author":[{"embeddable":true,"href":"https:\/\/chacosintesis.com.ar\/index.php\/wp-json\/wp\/v2\/users\/1"}],"replies":[{"embeddable":true,"href":"https:\/\/chacosintesis.com.ar\/index.php\/wp-json\/wp\/v2\/comments?post=21279"}],"version-history":[{"count":0,"href":"https:\/\/chacosintesis.com.ar\/index.php\/wp-json\/wp\/v2\/posts\/21279\/revisions"}],"wp:featuredmedia":[{"embeddable":true,"href":"https:\/\/chacosintesis.com.ar\/index.php\/wp-json\/wp\/v2\/media\/21280"}],"wp:attachment":[{"href":"https:\/\/chacosintesis.com.ar\/index.php\/wp-json\/wp\/v2\/media?parent=21279"}],"wp:term":[{"taxonomy":"category","embeddable":true,"href":"https:\/\/chacosintesis.com.ar\/index.php\/wp-json\/wp\/v2\/categories?post=21279"},{"taxonomy":"post_tag","embeddable":true,"href":"https:\/\/chacosintesis.com.ar\/index.php\/wp-json\/wp\/v2\/tags?post=21279"}],"curies":[{"name":"wp","href":"https:\/\/api.w.org\/{rel}","templated":true}]}}