{"id":21271,"date":"2023-05-05T16:23:39","date_gmt":"2023-05-05T19:23:39","guid":{"rendered":"https:\/\/chacosintesis.com.ar\/?p=21271"},"modified":"2023-05-05T16:36:44","modified_gmt":"2023-05-05T19:36:44","slug":"a-buen-ritmo-continua-la-ejecucion-de-la-moderna-terminal-de-omnibus-en-general-san-martin","status":"publish","type":"post","link":"https:\/\/chacosintesis.com.ar\/index.php\/a-buen-ritmo-continua-la-ejecucion-de-la-moderna-terminal-de-omnibus-en-general-san-martin\/","title":{"rendered":"A buen ritmo, contin\u00faa la ejecuci\u00f3n de la moderna terminal de \u00f3mnibus en General San Mart\u00edn"},"content":{"rendered":"<p>La obra, que demanda una inversi\u00f3n de $130 millones, genera m\u00e1s de 32 puestos de trabajo de la construcci\u00f3n. El gobierno provincial avanza con el Plan de Modernizaci\u00f3n del Transporte.<br \/>\nEl Ministerio de Planificaci\u00f3n, Econom\u00eda e Infraestructura informa que la nueva Estaci\u00f3n Terminal de \u00d3mnibus de General San Mart\u00edn, de media y larga distancia, se ejecuta a buen ritmo seg\u00fan los plazos establecidos. La obra, que se prev\u00e9 inaugurar en octubre, abarca una superficie total de 1200 metros cuadrados y demanda una inversi\u00f3n de 130 millones de pesos.<br \/>\n\u201cSe trata de un proyecto muy esperado por toda la comunidad que permitir\u00e1 el desarrollo tur\u00edstico y comercial de la localidad, pero adem\u00e1s propicia un beneficio a la econom\u00eda familiar con la generaci\u00f3n de 32 puestos de trabajo de manera directa y 40 de manera indirecta\u201d, expres\u00f3 el ministro Santiago P\u00e9rez Pons.<br \/>\nLa antigua estaci\u00f3n qued\u00f3 en el centro de la ciudad generando dificultades en el tr\u00e1nsito y la circulaci\u00f3n. \u201cEsta obra resolver\u00e1 esta situaci\u00f3n, garantizando m\u00e1s seguridad en la circulaci\u00f3n gracias a una edificaci\u00f3n nueva y moderna que adem\u00e1s embellece a la localidad\u201d, indic\u00f3 el funcionario.<br \/>\nEl proyecto contempla siete d\u00e1rsenas para colectivos de larga distancia y otras dos para servicios de media y corta distancia, acceso y estacionamiento independiente para transportes urbanos, remises y veh\u00edculos particulares. Tambi\u00e9n contar\u00e1 con boleter\u00edas, oficinas institucionales, una confiter\u00eda, un hall central, un lugar de descanso para choferes, sanitarios y m\u00faltiples espacios exteriores de recreaci\u00f3n para el uso de visitantes. Se ha tenido especialmente en cuenta la orientaci\u00f3n del edificio, en virtud de la rigurosidad del clima de la regi\u00f3n, respetando la vegetaci\u00f3n existente.<br \/>\nDe esta manera, avanza el Plan de Modernizaci\u00f3n del Transporte cuyo fin es optimizar todo el sistema con m\u00e1s obras y nuevas tecnolog\u00edas. Esto implica la construcci\u00f3n de un total de 13 terminales de \u00f3mnibus en diversas localidades entre las que se encuentran en ejecuci\u00f3n, a iniciar y pr\u00f3ximas a licitarse. &#8220;Buscamos dotar a cada localidad de la infraestructura correspondiente para ampliar y mejorar los servicios para su poblaci\u00f3n y todas las personas que los visiten\u201d, manifest\u00f3 Perez Pons.<br \/>\nM\u00e1s obras para San Mart\u00edn<br \/>\nLa nueva estaci\u00f3n terminal se suma a distintas obras concretadas y en ejecuci\u00f3n en General San Mart\u00edn gracias al acompa\u00f1amiento del gobierno provincial. En este contexto, se puede mencionar la realizaci\u00f3n de 20 cuadras de pavimento urbano, ejecuci\u00f3n de centros de salud y viviendas, remodelaciones en el Hospital F\u00e9lix P\u00e9rtile, la Casa de la Cultura y el Centro de Educaci\u00f3n F\u00edsica N\u00b03, entre otras.<br \/>\nEmpleo y capacitaci\u00f3n<br \/>\n\u201cPara los que vivimos en San Mart\u00edn es indispensable que se realicen este tipo de obras porque nos permite acceder a trabajo seguro\u201d, se\u00f1al\u00f3 el oficial alba\u00f1il de la obra, Ra\u00fal Carabajal. \u201cAdem\u00e1s de la importancia de contar con un trabajo formal, en mi caso fue un salto de calidad en la capacitaci\u00f3n laboral y por ello quiero agradecer al gobierno provincial y al ministro Perez Pons\u201d, agreg\u00f3 Juan Maciel, otro obrero.<\/p>\n","protected":false},"excerpt":{"rendered":"<p>La obra, que demanda una inversi\u00f3n de $130 millones, genera m\u00e1s de 32 puestos de trabajo de la construcci\u00f3n. El gobierno provincial avanza con el Plan de Modernizaci\u00f3n del Transporte. El Ministerio de Planificaci\u00f3n, Econom\u00eda e Infraestructura informa que la nueva Estaci\u00f3n Terminal de \u00d3mnibus de General San Mart\u00edn, de media y larga distancia, se [&hellip;]<\/p>\n","protected":false},"author":1,"featured_media":21272,"comment_status":"closed","ping_status":"closed","sticky":false,"template":"","format":"standard","meta":{"footnotes":""},"categories":[6],"tags":[],"class_list":{"0":"post-21271","1":"post","2":"type-post","3":"status-publish","4":"format-standard","5":"has-post-thumbnail","7":"category-chaco"},"_links":{"self":[{"href":"https:\/\/chacosintesis.com.ar\/index.php\/wp-json\/wp\/v2\/posts\/21271","targetHints":{"allow":["GET"]}}],"collection":[{"href":"https:\/\/chacosintesis.com.ar\/index.php\/wp-json\/wp\/v2\/posts"}],"about":[{"href":"https:\/\/chacosintesis.com.ar\/index.php\/wp-json\/wp\/v2\/types\/post"}],"author":[{"embeddable":true,"href":"https:\/\/chacosintesis.com.ar\/index.php\/wp-json\/wp\/v2\/users\/1"}],"replies":[{"embeddable":true,"href":"https:\/\/chacosintesis.com.ar\/index.php\/wp-json\/wp\/v2\/comments?post=21271"}],"version-history":[{"count":0,"href":"https:\/\/chacosintesis.com.ar\/index.php\/wp-json\/wp\/v2\/posts\/21271\/revisions"}],"wp:featuredmedia":[{"embeddable":true,"href":"https:\/\/chacosintesis.com.ar\/index.php\/wp-json\/wp\/v2\/media\/21272"}],"wp:attachment":[{"href":"https:\/\/chacosintesis.com.ar\/index.php\/wp-json\/wp\/v2\/media?parent=21271"}],"wp:term":[{"taxonomy":"category","embeddable":true,"href":"https:\/\/chacosintesis.com.ar\/index.php\/wp-json\/wp\/v2\/categories?post=21271"},{"taxonomy":"post_tag","embeddable":true,"href":"https:\/\/chacosintesis.com.ar\/index.php\/wp-json\/wp\/v2\/tags?post=21271"}],"curies":[{"name":"wp","href":"https:\/\/api.w.org\/{rel}","templated":true}]}}