{"id":21265,"date":"2023-05-05T15:16:07","date_gmt":"2023-05-05T18:16:07","guid":{"rendered":"https:\/\/chacosintesis.com.ar\/?p=21265"},"modified":"2023-05-05T15:37:11","modified_gmt":"2023-05-05T18:37:11","slug":"produccion-capacita-en-sistemas-sostenibles-para-la-agricultura-familiar","status":"publish","type":"post","link":"https:\/\/chacosintesis.com.ar\/index.php\/produccion-capacita-en-sistemas-sostenibles-para-la-agricultura-familiar\/","title":{"rendered":"Producci\u00f3n capacita en sistemas sostenibles para la Agricultura Familiar"},"content":{"rendered":"<p>El objetivo del programa es fortalecer las capacidades de las redes de las y los productores agroecol\u00f3gicos y sus organizaciones.<br \/>\nEl Ministerio de Producci\u00f3n, Industria y Empleo complet\u00f3 esta semana el taller de formulaci\u00f3n de proyectos del Prosaf, programa nacional que impulsa la agricultura familiar, campesina e ind\u00edgena en todo el pa\u00eds. La jornada cont\u00f3 con la presencia de la subsecretaria de Agricultura, Flavia Francescutti; y de los referentes nacionales Lautaro Lissi y Emilio Ferrario. El Prosaf (Proyecto para la Promoci\u00f3n de Sistemas Agroalimentarios Resilientes y Sostenibles para la Agricultura Familiar) es un esquema dirigido a incrementar la resiliencia de los productores y productoras de la agricultura familiar, campesina e ind\u00edgena, a trav\u00e9s de la promoci\u00f3n y apoyo a sistemas de producci\u00f3n y comercializaci\u00f3n sustentables e inclusivos. El programa tiene por objetivo fortalecer las capacidades de las redes de las y los productores agroecol\u00f3gicos y sus organizaciones. Tambi\u00e9n apunta a la inserci\u00f3n laboral de mujeres y j\u00f3venes promoviendo el arraigo rural. Y el apoyo a la producci\u00f3n y a la comercializaci\u00f3n, incluyendo la generaci\u00f3n de una oferta de conocimientos y tecnolog\u00edas.<br \/>\n Taller y definiciones<br \/>\nEl taller, que se realiz\u00f3 en el sal\u00f3n Verde de la cartera productiva, cont\u00f3 tambi\u00e9n con la participaci\u00f3n del equipo t\u00e9cnico de la Unidad Ejecutora de Programas Rurales del Ministerio. \u201cPudimos establecer los acuerdos de ejecuci\u00f3n que se desarrollar\u00e1n en el territorio provincial, revisar al detalle las exigencias de los organismos de financiamiento y corregir las presentaciones hechas por productoras y productores\u201d, apunt\u00f3 Francescutti. En los \u00faltimos a\u00f1os y a trav\u00e9s del Prosaf se han financiado en la provincia distintos proyectos de agricultura familiar con marcados avances en el acceso al agua (tanto para consumo humano y animal como para riego); adquisici\u00f3n de herramientas y m\u00e1quinas, mejora de infraestructura productiva y capacitaci\u00f3n.<\/p>\n","protected":false},"excerpt":{"rendered":"<p>El objetivo del programa es fortalecer las capacidades de las redes de las y los productores agroecol\u00f3gicos y sus organizaciones. El Ministerio de Producci\u00f3n, Industria y Empleo complet\u00f3 esta semana el taller de formulaci\u00f3n de proyectos del Prosaf, programa nacional que impulsa la agricultura familiar, campesina e ind\u00edgena en todo el pa\u00eds. La jornada cont\u00f3 [&hellip;]<\/p>\n","protected":false},"author":1,"featured_media":21266,"comment_status":"closed","ping_status":"closed","sticky":false,"template":"","format":"standard","meta":{"footnotes":""},"categories":[6],"tags":[],"class_list":{"0":"post-21265","1":"post","2":"type-post","3":"status-publish","4":"format-standard","5":"has-post-thumbnail","7":"category-chaco"},"_links":{"self":[{"href":"https:\/\/chacosintesis.com.ar\/index.php\/wp-json\/wp\/v2\/posts\/21265","targetHints":{"allow":["GET"]}}],"collection":[{"href":"https:\/\/chacosintesis.com.ar\/index.php\/wp-json\/wp\/v2\/posts"}],"about":[{"href":"https:\/\/chacosintesis.com.ar\/index.php\/wp-json\/wp\/v2\/types\/post"}],"author":[{"embeddable":true,"href":"https:\/\/chacosintesis.com.ar\/index.php\/wp-json\/wp\/v2\/users\/1"}],"replies":[{"embeddable":true,"href":"https:\/\/chacosintesis.com.ar\/index.php\/wp-json\/wp\/v2\/comments?post=21265"}],"version-history":[{"count":0,"href":"https:\/\/chacosintesis.com.ar\/index.php\/wp-json\/wp\/v2\/posts\/21265\/revisions"}],"wp:featuredmedia":[{"embeddable":true,"href":"https:\/\/chacosintesis.com.ar\/index.php\/wp-json\/wp\/v2\/media\/21266"}],"wp:attachment":[{"href":"https:\/\/chacosintesis.com.ar\/index.php\/wp-json\/wp\/v2\/media?parent=21265"}],"wp:term":[{"taxonomy":"category","embeddable":true,"href":"https:\/\/chacosintesis.com.ar\/index.php\/wp-json\/wp\/v2\/categories?post=21265"},{"taxonomy":"post_tag","embeddable":true,"href":"https:\/\/chacosintesis.com.ar\/index.php\/wp-json\/wp\/v2\/tags?post=21265"}],"curies":[{"name":"wp","href":"https:\/\/api.w.org\/{rel}","templated":true}]}}