{"id":21261,"date":"2023-05-05T14:28:43","date_gmt":"2023-05-05T17:28:43","guid":{"rendered":"https:\/\/chacosintesis.com.ar\/?p=21261"},"modified":"2023-05-05T14:36:46","modified_gmt":"2023-05-05T17:36:46","slug":"abril-sera-el-mes-de-los-veteranos-de-la-guerra-de-malvinas-e-islas-del-atlantico-sur","status":"publish","type":"post","link":"https:\/\/chacosintesis.com.ar\/index.php\/abril-sera-el-mes-de-los-veteranos-de-la-guerra-de-malvinas-e-islas-del-atlantico-sur\/","title":{"rendered":"Abril ser\u00e1 el Mes de los Veteranos de la Guerra de Malvinas e Islas del Atl\u00e1ntico Sur"},"content":{"rendered":"<p>Con la finalidad de destacar y homenajear a todos los excombatientes, la Ley del Mes de los Veteranos de la Guerra de Malvinas e Islas del Atl\u00e1ntico Sur fue aprobada por unanimidad en el Poder Legislativo. Durante todo el mes de abril, se llevar\u00e1n a cabo diferentes actividades para honrar y recordar a aquellos que lucharon por la patria en la usurpaci\u00f3n inglesa de Malvinas.<br \/>\nLa norma 3819 E, establece que se realizar\u00e1n charlas que ser\u00e1n impartidas por los propios sobrevivientes, contando sus experiencias, momentos hist\u00f3ricos de su lucha en combate, el posconflicto y sus consecuencias, en el \u00e1mbito de los distintos establecimientos educativos p\u00fablicos, de gesti\u00f3n estatal o privada de la Provincia del Chaco.<br \/>\nLa propuesta parti\u00f3 de la diputada Andrea Charole y prev\u00e9 la realizaci\u00f3n de charlas en los establecimientos educativos p\u00fablicos, de gesti\u00f3n estatal y privada, realizar\u00e1 actividades ilustradas, acad\u00e9micas, pedagog\u00edas, educativas, de informaci\u00f3n y difusi\u00f3n en conmemoraci\u00f3n del mes del conflicto del Atl\u00e1ntico Sur y homenaje a los veteranos y ca\u00eddos en defensa de las Malvinas.<br \/>\n\u201cEsta Ley es un reconocimiento a nuestros h\u00e9roes, y tiene como objetivo en que podamos concientizar a los ni\u00f1os en las escuelas sobre el valor de nuestros ex combatientes y poder escuchar de los protagonistas  la historia contada por sus protagonistas\u201d, expres\u00f3 Charole.<\/p>\n","protected":false},"excerpt":{"rendered":"<p>Con la finalidad de destacar y homenajear a todos los excombatientes, la Ley del Mes de los Veteranos de la Guerra de Malvinas e Islas del Atl\u00e1ntico Sur fue aprobada por unanimidad en el Poder Legislativo. Durante todo el mes de abril, se llevar\u00e1n a cabo diferentes actividades para honrar y recordar a aquellos que [&hellip;]<\/p>\n","protected":false},"author":1,"featured_media":21262,"comment_status":"closed","ping_status":"closed","sticky":false,"template":"","format":"standard","meta":{"footnotes":""},"categories":[6],"tags":[],"class_list":{"0":"post-21261","1":"post","2":"type-post","3":"status-publish","4":"format-standard","5":"has-post-thumbnail","7":"category-chaco"},"_links":{"self":[{"href":"https:\/\/chacosintesis.com.ar\/index.php\/wp-json\/wp\/v2\/posts\/21261","targetHints":{"allow":["GET"]}}],"collection":[{"href":"https:\/\/chacosintesis.com.ar\/index.php\/wp-json\/wp\/v2\/posts"}],"about":[{"href":"https:\/\/chacosintesis.com.ar\/index.php\/wp-json\/wp\/v2\/types\/post"}],"author":[{"embeddable":true,"href":"https:\/\/chacosintesis.com.ar\/index.php\/wp-json\/wp\/v2\/users\/1"}],"replies":[{"embeddable":true,"href":"https:\/\/chacosintesis.com.ar\/index.php\/wp-json\/wp\/v2\/comments?post=21261"}],"version-history":[{"count":0,"href":"https:\/\/chacosintesis.com.ar\/index.php\/wp-json\/wp\/v2\/posts\/21261\/revisions"}],"wp:featuredmedia":[{"embeddable":true,"href":"https:\/\/chacosintesis.com.ar\/index.php\/wp-json\/wp\/v2\/media\/21262"}],"wp:attachment":[{"href":"https:\/\/chacosintesis.com.ar\/index.php\/wp-json\/wp\/v2\/media?parent=21261"}],"wp:term":[{"taxonomy":"category","embeddable":true,"href":"https:\/\/chacosintesis.com.ar\/index.php\/wp-json\/wp\/v2\/categories?post=21261"},{"taxonomy":"post_tag","embeddable":true,"href":"https:\/\/chacosintesis.com.ar\/index.php\/wp-json\/wp\/v2\/tags?post=21261"}],"curies":[{"name":"wp","href":"https:\/\/api.w.org\/{rel}","templated":true}]}}