{"id":21259,"date":"2023-05-05T14:24:58","date_gmt":"2023-05-05T17:24:58","guid":{"rendered":"https:\/\/chacosintesis.com.ar\/?p=21259"},"modified":"2023-05-05T14:36:46","modified_gmt":"2023-05-05T17:36:46","slug":"si-cristina-decide-ser-candidata-eso-es-excluyente-y-hay-que-potenciar-una-formula-unica-dijo-capitanich","status":"publish","type":"post","link":"https:\/\/chacosintesis.com.ar\/index.php\/si-cristina-decide-ser-candidata-eso-es-excluyente-y-hay-que-potenciar-una-formula-unica-dijo-capitanich\/","title":{"rendered":"\u201cSi Cristina decide ser candidata, eso es excluyente y hay que potenciar una f\u00f3rmula \u00fanica\u201d, dijo Capitanich"},"content":{"rendered":"<p>El gobernador Jorge Capitanich en di\u00e1logo con el programa Cr\u00f3nica Anunciada en Futurock FM habl\u00f3 sobre el proceso eleccionario de este a\u00f1o y las definiciones en torno a la conformaci\u00f3n de candidaturas del Frente de Todos.  Inst\u00f3 a que desde este espacio pol\u00edtico se genere una nueva \u00e9pica en la construcci\u00f3n de un destino colectivo como pa\u00eds a partir de un programa de gobierno pol\u00edtico, sist\u00e9mico, integral, que tienda a fortalecer el federalismo, que resuelva los problemas de estabilidad macroecon\u00f3mica y que garantice desarrollo econ\u00f3mico equitativo.<br \/>\nEl gobernador Jorge Capitanich en di\u00e1logo con el programa Cr\u00f3nica Anunciada en Futurock FM brind\u00f3 su posici\u00f3n en torno al proceso eleccionario que se dar\u00e1 en este 2023.  En el programa radial, Capitanich destac\u00f3 que : \u201cSi Cristina (Fernandez de Kirchner) decide ser candidata, eso es excluyente y hay que potenciar una f\u00f3rmula \u00fanica\u201d, dijo. En caso de que decida no hacerlo, el Frente de Todos debe consolidar su espacio con primarias que fortalezcan a sus candidatos y se exprese la diversidad del frente.  \u201cNuestro espacio no puede galvanizar una perspectiva conservadora\u201d, remarc\u00f3  y agreg\u00f3 que \u201chay que ser capaces de generar una nueva \u00e9pica en la construcci\u00f3n de un destino colectivo como pa\u00eds\u201d<\/p>\n<p>El gobernador Capitanich hizo un pormenorizado an\u00e1lisis sobre el proceso eleccionario en este a\u00f1o. \u201c La primera parte tiene que ver con las Primarias Abiertas Obligatorias y Simult\u00e1neas, la segunda parte las elecciones generales y la tercera la tendencia inexorable al balotaje. Son tres elecciones distintas, con tipolog\u00edas diferentes y con motivaci\u00f3n del voto diferente por parte del electorado\u201d, se\u00f1al\u00f3.<br \/>\n\u201cEn la primera parte se advierte la tendencia de un electorado que se pueda dividir en tres tercios y tenemos que ver cuales son las motivaciones del voto. Desde el Frente de Todos tenemos que ver si vamos a ir con lista \u00fanica o a Primarias. Si  Cristina decide ser candidata, eso es excluyente y hay que potenciar una f\u00f3rmula \u00fanica\u201d, dijo.<\/p>\n<p>\u201cEn caso de que no se presente Cristina, hay que hacer una reformulaci\u00f3n de la estrategia, entendiendo, la necesidad de unas elecciones primarias donde se fortalezcan los candidatos, y en este caso es necesario consolidar el espacio propio. Para esto es necesario la consolidaci\u00f3n geogr\u00e1fica territorial  (Norte Grande, Conurbano Bonaerense, Sur y otros conglomerados) que es la base de nuestro frente\u201d, manifest\u00f3 el gobernador del Chaco.<\/p>\n<p>En esta l\u00ednea apunt\u00f3, que la segunda cuesti\u00f3n tiene que ver con lo que se denominar\u00eda el voto hist\u00f3rico. \u201cEl voto hist\u00f3rico, doctrinario, ideol\u00f3gico, de identidad o identificaci\u00f3n partidaria o movimientista, que lo  tenemos.\u201d  Y en tercer lugar, se\u00f1al\u00f3, &#8220;efectivamente, lo que podr\u00eda ser el voto en v\u00ednculo, lo cual nosotros tenemos la mayor\u00eda de gobernadores, la mayor\u00eda de intendentes, la mayor\u00eda del espacio territorial de los gobernadores&#8221;.<br \/>\n\u201cEn consecuencia, esos tres aspectos van a consolidar la primera fase del proceso y despu\u00e9s ya en las elecciones generales, eso va a tender a una polarizaci\u00f3n creciente y eso requiere el voto program\u00e1tico, que es el voto expectativas vinculado a un plan de gobierno s\u00f3lido&#8221;, expres\u00f3.<br \/>\n\u201cHay algo que atraviesa, que es transversal, que es el voto afectivo, el voto emocional. Pero eso te va a dar una mayor polarizaci\u00f3n relativa en las elecciones generales. Y despu\u00e9s vas a ir a un balotaje donde es l\u00f3gica binaria. Y la l\u00f3gica binaria es Estado s\u00ed, Estado no, federalismo, centralismo, distribuci\u00f3n m\u00e1s equitativa, menos equitativa.\u201d, dijo el gobernador.<br \/>\n\u201cCristina es la l\u00edder indiscutida de nuestro espacio\u201d<\/p>\n<p>Al ser consultado sobre las posibles decisiones que tome Cristina Fernandez de Kirchner, Capitanich se\u00f1al\u00f3: \u201cLa verdad es que es una decisi\u00f3n que la debe tomar ella en lo personal\u201d, dijo.<br \/>\n\u201cCristina es obviamente una l\u00edder indiscutible en el espacio. En primer lugar, porque termin\u00f3 su mandato el 9 de diciembre con una Plaza de Mayo llena. Esto significa un nivel de valoraci\u00f3n de la opini\u00f3n p\u00fablica muy fuerte y una consolidaci\u00f3n del espacio. En segundo lugar, fue la arquitecta y la ingeniera pol\u00edtica de la construcci\u00f3n de la coalici\u00f3n que permiti\u00f3 el triunfo en el a\u00f1o 2019. Y en tercer lugar, no cabe la duda que es quien efectivamente galvaniza sustantivamente el voto del espacio\u201d, remarc\u00f3.<br \/>\n\u201cAhora bien, por m\u00faltiples razones que pueden ocurrir desde el punto de vista personal, estrategia pol\u00edtica, puede ocurrir que efectivamente su decisi\u00f3n sea no competir electoralmente. Pero bueno, eso depende de ella.  Yo creo que si ella compite, claramente es f\u00f3rmula \u00fanica y excluyente\u201d.<br \/>\n\u201cLa segunda cuesti\u00f3n es, si ella no compite, hay que ver si efectivamente se puede generar o cohesi\u00f3n, o eventualmente se generan las condiciones para propiciar primarias que representan la diversidad del espacio. Este es el otro problema que nosotros tenemos que entender. Nuestro espacio no puede galvanizar una perspectiva conservadora o desde una perspectiva para lograr que el voto conservador o el voto centrista sea compatible con la propuesta que tenemos\u201d. agreg\u00f3.<\/p>\n<p>\u201cNosotros tenemos que expresar la rebeld\u00eda y generar una \u00e9pica de un destino colectivo como pa\u00eds\u201d<br \/>\nSobre las condiciones que debe expresar el espacio pol\u00edtico del Frente de Todos de cara a la contienda electoral de este a\u00f1o, Capitanich se\u00f1al\u00f3: \u201cMe parece que nosotros tenemos que expresar la rebeld\u00eda, tenemos que expresar los problemas de la injusticia social existente. Tenemos que ser capaces tambi\u00e9n de motivar y generar una nueva \u00e9pica en la construcci\u00f3n de un destino colectivo como pa\u00eds. Por eso, sinceramente, creo que es necesario entender primero un programa de gobierno pol\u00edtico, sist\u00e9mico, integral, que tienda a fortalecer el federalismo, que resuelva los problemas de estabilidad macroecon\u00f3mica, que garantice desarrollo econ\u00f3mico equitativo y que garantice una nueva inserci\u00f3n de Argentina en el mundo\u201d.<\/p>\n<p>Sobre los tiempos pol\u00edticos<\/p>\n<p>Al referirse a los tiempos pol\u00edticos, las definiciones  y las perspectivas en torno a la campa\u00f1a electoral, Capitanich dijo : \u201cNo necesariamente una definici\u00f3n r\u00e1pida te permite tener un impacto inmediato. Es decir, Cristina tom\u00f3 una decisi\u00f3n estrat\u00e9gica en mayo, creo que fue el 18 de mayo del a\u00f1o 2019, y eso desat\u00f3 una corriente extraordinaria de acumulaci\u00f3n pol\u00edtica que se plasm\u00f3 en el resultado electoral de agosto del a\u00f1o 2019. Por lo tanto, ac\u00e1 hay tiempo hasta el 25 de junio para inscribir la f\u00f3rmula. Probablemente, el mes de mayo se vayan concretando algunos hitos\u201d.<br \/>\nEn este sentido agreg\u00f3: \u201c Muchas provincias van a elegir gobernadores. En el Chaco, por ejemplo, tenemos elecciones el 18 de junio de este a\u00f1o, son las primarias, con lo cual ah\u00ed vas a entender claramente una l\u00f3gica, que es la l\u00f3gica del avance cualitativo y pol\u00edtico en forma territorial. Eso significa claramente que ah\u00ed vas a ver todos los intendentes, todos los gobernadores, la base territorial, y eso te va a ir preparando un camino para la definici\u00f3n, que puede ser en mayo, que puede ser en junio.\u201d<br \/>\n\u201cHay que ser muy meticuloso y met\u00f3dico con la administraci\u00f3n del tiempo pol\u00edtico.  Creo que si uno administra bien las expectativas, maneja bien el tiempo e identifica las oportunidades para todos los estamentos que forman parte del espacio.  No cabe la menor duda que si se administran bien las expectativas, y la estrategia electoral en tres tiempos, no me cabe la menor duda que las perspectivas de triunfo electoral son s\u00f3lidas y se puede dar.\u201d, dijo finalmente el gobernador del Chaco.<\/p>\n","protected":false},"excerpt":{"rendered":"<p>El gobernador Jorge Capitanich en di\u00e1logo con el programa Cr\u00f3nica Anunciada en Futurock FM habl\u00f3 sobre el proceso eleccionario de este a\u00f1o y las definiciones en torno a la conformaci\u00f3n de candidaturas del Frente de Todos. Inst\u00f3 a que desde este espacio pol\u00edtico se genere una nueva \u00e9pica en la construcci\u00f3n de un destino colectivo [&hellip;]<\/p>\n","protected":false},"author":1,"featured_media":21260,"comment_status":"closed","ping_status":"closed","sticky":false,"template":"","format":"standard","meta":{"footnotes":""},"categories":[6],"tags":[],"class_list":{"0":"post-21259","1":"post","2":"type-post","3":"status-publish","4":"format-standard","5":"has-post-thumbnail","7":"category-chaco"},"_links":{"self":[{"href":"https:\/\/chacosintesis.com.ar\/index.php\/wp-json\/wp\/v2\/posts\/21259","targetHints":{"allow":["GET"]}}],"collection":[{"href":"https:\/\/chacosintesis.com.ar\/index.php\/wp-json\/wp\/v2\/posts"}],"about":[{"href":"https:\/\/chacosintesis.com.ar\/index.php\/wp-json\/wp\/v2\/types\/post"}],"author":[{"embeddable":true,"href":"https:\/\/chacosintesis.com.ar\/index.php\/wp-json\/wp\/v2\/users\/1"}],"replies":[{"embeddable":true,"href":"https:\/\/chacosintesis.com.ar\/index.php\/wp-json\/wp\/v2\/comments?post=21259"}],"version-history":[{"count":0,"href":"https:\/\/chacosintesis.com.ar\/index.php\/wp-json\/wp\/v2\/posts\/21259\/revisions"}],"wp:featuredmedia":[{"embeddable":true,"href":"https:\/\/chacosintesis.com.ar\/index.php\/wp-json\/wp\/v2\/media\/21260"}],"wp:attachment":[{"href":"https:\/\/chacosintesis.com.ar\/index.php\/wp-json\/wp\/v2\/media?parent=21259"}],"wp:term":[{"taxonomy":"category","embeddable":true,"href":"https:\/\/chacosintesis.com.ar\/index.php\/wp-json\/wp\/v2\/categories?post=21259"},{"taxonomy":"post_tag","embeddable":true,"href":"https:\/\/chacosintesis.com.ar\/index.php\/wp-json\/wp\/v2\/tags?post=21259"}],"curies":[{"name":"wp","href":"https:\/\/api.w.org\/{rel}","templated":true}]}}