{"id":21257,"date":"2023-05-05T14:22:22","date_gmt":"2023-05-05T17:22:22","guid":{"rendered":"https:\/\/chacosintesis.com.ar\/?p=21257"},"modified":"2023-05-05T14:36:45","modified_gmt":"2023-05-05T17:36:45","slug":"la-asistencia-estatal-esta-confirmada-frente-a-la-alerta-meteorologica-para-resistencia-y-parte-del-chaco","status":"publish","type":"post","link":"https:\/\/chacosintesis.com.ar\/index.php\/la-asistencia-estatal-esta-confirmada-frente-a-la-alerta-meteorologica-para-resistencia-y-parte-del-chaco\/","title":{"rendered":"La asistencia estatal est\u00e1 confirmada frente a la alerta meteorol\u00f3gica para Resistencia y parte del Chaco"},"content":{"rendered":"<p>Ya est\u00e1n en funcionamiento y disposibles las 24 hs los tel\u00e9fonos de asistencia para la ciudadan\u00eda, en casos de imprevistos por las lluvias. Se recomienda estar atentos y tomar los recaudos necesarios.<br \/>\nnte las condiciones clim\u00e1ticas, el Gobierno Provincial puso a disposici\u00f3n de la ciudadan\u00eda los tel\u00e9fonos de asistencia en caso de ser afectados por las tormentas fuertes que est\u00e1n pronosticadas para la jornada. El pron\u00f3stico para la provincia dice que se mantiene la alerta amarilla por tormentas fuertes para Resistencia y gran parte de la provincia.<br \/>\nEl Servicio Meteorol\u00f3gico Nacional (SMN) prev\u00e9 para estas zonas tormentas y lluvias, pudiendo ser localmente fuertes, y se esperan valores de precipitaci\u00f3n acumulada entre 40 y 70 mil\u00edmetros. Tambi\u00e9n es posible que se registren r\u00e1fagas fuertes, ocasional ca\u00edda de granizo, intensa actividad el\u00e9ctrica y fundamentalmente abundante ca\u00edda de agua en cortos per\u00edodos de tiempo.<br \/>\nAnte este panorama, desde el Gobierno Provincial pusieron a disposici\u00f3n las v\u00edas de asistencia. Los tel\u00e9fonos son:<br \/>\nBomberos 100<br \/>\nEmergencia m\u00e9dica 107<br \/>\nSistema Policial 911<br \/>\nDefensa Civil 103<br \/>\nAPA 3624-419990<br \/>\nSecheep 3624-377044<br \/>\nMirame 0800 888 6472<br \/>\nAsistencia social 3624-024802<br \/>\nConfirmaron que todas las l\u00edneas est\u00e1n en servicio, disponibles para asistir a la ciudadan\u00eda en casos de ca\u00edda de \u00e1rboles, anegaciones, accidentes dom\u00e9sticos y dem\u00e1s imprevistos que puedan ocasionar las abundantes lluvias y vientos fuertes.<br \/>\nLa inestabilidad se mantendr\u00eda hasta el lunes 8, cuando las condiciones clim\u00e1ticas mejoren. A\u00fan no se puede adelantar que la alerta meteorol\u00f3gica se extienda para el fin de semana, por lo que se invita a la ciudadan\u00eda a estar atenta de las comunicaciones de los canales oficiales como Defensa Civil del Chaco, Chaco Gobierno de Todos y el SMN.<br \/>\nEn la imagen de abajo pueden ver algunas medidas preventivas recomendadas.<\/p>\n","protected":false},"excerpt":{"rendered":"<p>Ya est\u00e1n en funcionamiento y disposibles las 24 hs los tel\u00e9fonos de asistencia para la ciudadan\u00eda, en casos de imprevistos por las lluvias. Se recomienda estar atentos y tomar los recaudos necesarios. nte las condiciones clim\u00e1ticas, el Gobierno Provincial puso a disposici\u00f3n de la ciudadan\u00eda los tel\u00e9fonos de asistencia en caso de ser afectados por [&hellip;]<\/p>\n","protected":false},"author":1,"featured_media":21258,"comment_status":"closed","ping_status":"closed","sticky":false,"template":"","format":"standard","meta":{"footnotes":""},"categories":[6],"tags":[],"class_list":{"0":"post-21257","1":"post","2":"type-post","3":"status-publish","4":"format-standard","5":"has-post-thumbnail","7":"category-chaco"},"_links":{"self":[{"href":"https:\/\/chacosintesis.com.ar\/index.php\/wp-json\/wp\/v2\/posts\/21257","targetHints":{"allow":["GET"]}}],"collection":[{"href":"https:\/\/chacosintesis.com.ar\/index.php\/wp-json\/wp\/v2\/posts"}],"about":[{"href":"https:\/\/chacosintesis.com.ar\/index.php\/wp-json\/wp\/v2\/types\/post"}],"author":[{"embeddable":true,"href":"https:\/\/chacosintesis.com.ar\/index.php\/wp-json\/wp\/v2\/users\/1"}],"replies":[{"embeddable":true,"href":"https:\/\/chacosintesis.com.ar\/index.php\/wp-json\/wp\/v2\/comments?post=21257"}],"version-history":[{"count":0,"href":"https:\/\/chacosintesis.com.ar\/index.php\/wp-json\/wp\/v2\/posts\/21257\/revisions"}],"wp:featuredmedia":[{"embeddable":true,"href":"https:\/\/chacosintesis.com.ar\/index.php\/wp-json\/wp\/v2\/media\/21258"}],"wp:attachment":[{"href":"https:\/\/chacosintesis.com.ar\/index.php\/wp-json\/wp\/v2\/media?parent=21257"}],"wp:term":[{"taxonomy":"category","embeddable":true,"href":"https:\/\/chacosintesis.com.ar\/index.php\/wp-json\/wp\/v2\/categories?post=21257"},{"taxonomy":"post_tag","embeddable":true,"href":"https:\/\/chacosintesis.com.ar\/index.php\/wp-json\/wp\/v2\/tags?post=21257"}],"curies":[{"name":"wp","href":"https:\/\/api.w.org\/{rel}","templated":true}]}}