{"id":21255,"date":"2023-05-05T14:19:53","date_gmt":"2023-05-05T17:19:53","guid":{"rendered":"https:\/\/chacosintesis.com.ar\/?p=21255"},"modified":"2023-05-05T14:36:45","modified_gmt":"2023-05-05T17:36:45","slug":"ante-las-previsiones-meteorologicas-el-gobierno-trabaja-en-un-plan-de-contingencia","status":"publish","type":"post","link":"https:\/\/chacosintesis.com.ar\/index.php\/ante-las-previsiones-meteorologicas-el-gobierno-trabaja-en-un-plan-de-contingencia\/","title":{"rendered":"Ante las previsiones meteorol\u00f3gicas el Gobierno trabaja en un plan de contingencia"},"content":{"rendered":"<p>El titular de la Administraci\u00f3n Provincial del Agua, se refiri\u00f3 a las medidas que se tomaron para dar respuesta ante situaciones que puedan afectar a los vecinos y vecinas del \u00e1rea metropolitana.<br \/>\nEl titular de la Administraci\u00f3n Provincial del Agua, Daniel Pegoraro, habl\u00f3 con Radio Provincia del Chaco sobre la emergencia h\u00eddrica y la organizaci\u00f3n ante las previsiones meteorol\u00f3gicas.<br \/>\nDijo que durante la madrugada del s\u00e1bado se pueden dar tormentas en el centro, sureste y en el \u00e1rea metropolitana de Resistencia, por lo que desde el Gobierno se arm\u00f3 un plan de contingencia \u201ccon los equipos alerta para reaccionar en cualquier momento\u201d.<br \/>\nPegoraro detall\u00f3 que \u201cse han establecido todas las estaciones de bombeo que, de acuerdo al milimetraje, se van encendiendo paulatinamente de acuerdo a los niveles de las lagunas\u201d.<br \/>\nEn este sentido, destac\u00f3 el trabajo conjunto que se realiza con el Ministerio de Ambiente. Inform\u00f3 que en el desarrollo de La Rubita se detectaron sectores obstruidos, por lo que \u201cse ha iniciado el destaponamiento del Riacho Araz\u00e1 \u201c.<br \/>\nPor otra parte, el secretario de Servicios P\u00fablicos de la Municipalidad de Resistencia, Claudio Westtein, asegur\u00f3 que el desag\u00fce pluvial del municipio \u201cfunciona correctamente\u201d. Inform\u00f3 que se trabaja en los canales principales de la ciudad, como el Canal Quijano, Soberan\u00eda y el Canal 16.<br \/>\n\u201cEs un trabajo articulado para que los vecinos y vecinas de Resistencia no tengan complicaciones cada vez que tengamos lluvia abundante\u201d, expres\u00f3 y dijo que hay \u201cun compromiso real y concreto de trabajar de manera conjunta para que todo el sistema de desag\u00fce funcione correctamente\u201d.<\/p>\n<p>L\u00edneas de comunicaci\u00f3n y recomendaciones<br \/>\nEl gobierno provincial cuenta con l\u00edneas de comunicaci\u00f3n para ser utilizadas por la poblaci\u00f3n ante cualquier eventualidad. Bomberos 100, Emergencia M\u00e9dica 107, Sistema Policial 911, Defensa Civil: 103, APA: 3624 419990, Asistencia Social: 3624 402-4802, SECHEEP: 364-437-7044, MIRAME: 0800-888-6472.<br \/>\nAdem\u00e1s, desde las distintas \u00e1reas informaron algunos recaudos a tener en cuenta en el caso de tormentas el\u00e9ctricas y vientos fuertes como permanecer en el hogar o en alg\u00fan lugar cerrado, desconectar servicios de electricidad, cerrar persianas, cortinas, y asegurar las puertas que dan al exterior.<\/p>\n","protected":false},"excerpt":{"rendered":"<p>El titular de la Administraci\u00f3n Provincial del Agua, se refiri\u00f3 a las medidas que se tomaron para dar respuesta ante situaciones que puedan afectar a los vecinos y vecinas del \u00e1rea metropolitana. El titular de la Administraci\u00f3n Provincial del Agua, Daniel Pegoraro, habl\u00f3 con Radio Provincia del Chaco sobre la emergencia h\u00eddrica y la organizaci\u00f3n [&hellip;]<\/p>\n","protected":false},"author":1,"featured_media":21256,"comment_status":"closed","ping_status":"closed","sticky":false,"template":"","format":"standard","meta":{"footnotes":""},"categories":[6],"tags":[],"class_list":{"0":"post-21255","1":"post","2":"type-post","3":"status-publish","4":"format-standard","5":"has-post-thumbnail","7":"category-chaco"},"_links":{"self":[{"href":"https:\/\/chacosintesis.com.ar\/index.php\/wp-json\/wp\/v2\/posts\/21255","targetHints":{"allow":["GET"]}}],"collection":[{"href":"https:\/\/chacosintesis.com.ar\/index.php\/wp-json\/wp\/v2\/posts"}],"about":[{"href":"https:\/\/chacosintesis.com.ar\/index.php\/wp-json\/wp\/v2\/types\/post"}],"author":[{"embeddable":true,"href":"https:\/\/chacosintesis.com.ar\/index.php\/wp-json\/wp\/v2\/users\/1"}],"replies":[{"embeddable":true,"href":"https:\/\/chacosintesis.com.ar\/index.php\/wp-json\/wp\/v2\/comments?post=21255"}],"version-history":[{"count":0,"href":"https:\/\/chacosintesis.com.ar\/index.php\/wp-json\/wp\/v2\/posts\/21255\/revisions"}],"wp:featuredmedia":[{"embeddable":true,"href":"https:\/\/chacosintesis.com.ar\/index.php\/wp-json\/wp\/v2\/media\/21256"}],"wp:attachment":[{"href":"https:\/\/chacosintesis.com.ar\/index.php\/wp-json\/wp\/v2\/media?parent=21255"}],"wp:term":[{"taxonomy":"category","embeddable":true,"href":"https:\/\/chacosintesis.com.ar\/index.php\/wp-json\/wp\/v2\/categories?post=21255"},{"taxonomy":"post_tag","embeddable":true,"href":"https:\/\/chacosintesis.com.ar\/index.php\/wp-json\/wp\/v2\/tags?post=21255"}],"curies":[{"name":"wp","href":"https:\/\/api.w.org\/{rel}","templated":true}]}}