{"id":21239,"date":"2023-05-05T13:54:35","date_gmt":"2023-05-05T16:54:35","guid":{"rendered":"https:\/\/chacosintesis.com.ar\/?p=21239"},"modified":"2023-05-05T14:06:39","modified_gmt":"2023-05-05T17:06:39","slug":"el-gobierno-provincial-activo-el-protocolo-de-emergencia-por-alerta-de-tormentas-fuertes","status":"publish","type":"post","link":"https:\/\/chacosintesis.com.ar\/index.php\/el-gobierno-provincial-activo-el-protocolo-de-emergencia-por-alerta-de-tormentas-fuertes\/","title":{"rendered":"El gobierno provincial activ\u00f3 el protocolo de emergencia por alerta de tormentas fuertes"},"content":{"rendered":"<p>Definieron un protocolo de asistencia y acci\u00f3n entre diversas \u00e1reas gubernamentales, con el objetivo de evitar anegamientos y garantizar la protecci\u00f3n y el cuidado de las y los vecinos que puedan verse afectados.<br \/>\nEl gobernador Jorge Capitanich se reuni\u00f3 este jueves con parte de su gabinete para definir un plan de acci\u00f3n ante el pron\u00f3stico de nuevas inclemencias clim\u00e1ticas en la provincia, considerando que el Servicio Meteorol\u00f3gico Nacional inform\u00f3 un pron\u00f3stico de 40 a 70% de probabilidades de tormentas aisladas a fuertes desde la madrugada hasta la tarde de este viernes.<br \/>\n\u201cEl gobierno provincial dispuso un operativo de emergencia afectando 400 agentes de distintas reparticiones con tres puntos de evacuaci\u00f3n por eventuales anegamientos temporarios en las chacras 137\/138\/214\/215, Zampa y La Rubita\u201d, explic\u00f3 el mandatario.<br \/>\nAdem\u00e1s, el operativo contar\u00e1 con la disponibilidad de cinco retroexcavadoras con el objeto de despejar taponamientos en \u00e1reas cr\u00edticas del riacho Araz\u00e1, Rojas Acosta y Puente sobre calle Espa\u00f1a, desbordes parciales del Canal Soberan\u00eda, intervenciones parciales del barrio 17 de julio y dem\u00e1s puntos cr\u00edticos detectados.<br \/>\nPor otra parte, el personal de APA estar\u00e1 activo mediante el sistema de alerta meteorol\u00f3gico a partir de la madrugada con la administraci\u00f3n de las 12 estaciones de bombeo y los tres diques del \u00e1rea. Paralelamente, el Ministerio de Desarrollo Social dispondr\u00e1 estrategias de intervenci\u00f3n inmediata por anegamientos temporarios.<br \/>\nOtros de los puntos en los que se est\u00e1 interviniendo es el barrio 17 de julio, mediante la profundizaci\u00f3n de canales desde el acceso hasta la colectora en la Asociaci\u00f3n de Camioneros y se trabaja en el alcantarillado del acceso de la vieja ruta 11 con el objetivo de aliviar la zona.<br \/>\nEquipos activos para garantizar la atenci\u00f3n<br \/>\nAl respecto, la ministra de Desarrollo Social, Mar\u00eda P\u00eda Chiacchio Cavana, indic\u00f3 que \u201cel objetivo es poder tener un equipo activo desde este jueves a la noche y durante todo el viernes previendo el desag\u00fce constate, la incorporaci\u00f3n de m\u00e1quinas de retroexcavadoras y la asistencia a familias que tengan alguna necesidad o situaci\u00f3n de riesgo con sus hogares\u201d.<br \/>\nEl plan tiene como objetivo garantizar la seguridad de las y los vecinos que puedan verse afectados, incluyendo la posibilidad de contar con refugios seguros. Es por ello que se va a realizar un operativo preventivo en la Escuela N\u00b0969 para \u201cresguardar la integridad de las familias que lo requieran\u201d, explic\u00f3 Chiacchio Cavana, y agreg\u00f3: \u201cla voluntad del gobernador es tener todo listo para que no tengamos que llegar a esa situaci\u00f3n, trabajando en que todo fluya normalmente para que ninguna familia chaque\u00f1a viva una situaci\u00f3n de angustia\u201d.<br \/>\nPor su parte, la ministra de Ambiente y Desarrollo Territorial Sostenible, Marta Soneira, explic\u00f3 que trabajaron en un plan de acci\u00f3n concreto vinculado a la posibilidad de que haya nuevas lluvias ma\u00f1ana en el \u00e1rea metropolitana. \u201cHemos puesto a disposici\u00f3n a 400 agentes del equipo H\u00e1bitat, que van a estar tanto en la zona sur como en La Rubita, trabajando para generar canales aliviadores y evitar inundaciones en viviendas\u201d, afirm\u00f3.<br \/>\nTambi\u00e9n, Soneira sostuvo que se trabajar\u00e1 con el equipo de Desarrollo Social para atender demandas y asistir a familias, incluyendo su traslado a refugios si lo requieren. \u201cFuimos hoy ajustando los distintos lugares donde tenemos que trabajar r\u00e1pidamente en este plan de acci\u00f3n para poder atender situaciones de emergencia que se puedan suscitar ahora\u201d, finaliz\u00f3.<br \/>\nEl titular de la Administraci\u00f3n Provincial del Agua (APA), Daniel Pegoraro, explic\u00f3 que se defini\u00f3 el protocolo de acci\u00f3n para estos casos, con la participaci\u00f3n de los equipos del organismo que se encuentran en alerta. \u201cCuando hay ese tipo de eventos, es importante estar presentes, recorrer y estar permanentemente atentos para saber en qu\u00e9 lugares hay que intervenir\u201d.<br \/>\nAdem\u00e1s, destac\u00f3 que los equipos de APA se encuentran trabajando en estos momentos para desobstruir algunos puntos estrat\u00e9gicos en el sur de la ciudad de Resistencia. En cuanto al sistema de desagote, record\u00f3 que \u201ctodas las estaciones de bombeo se encuentran operativas, y de acuerdo al milimetraje las bombas que hacen falta se van encendiendo paulatinamente, de acuerdo a los niveles de las lagunas\u201d.<br \/>\n\u201cTodas las estaciones de bombeo de la APA, como el canal de Soberan\u00eda, tienen el mantenimiento correspondiente. Estamos preparados con el protocolo para estos casos\u201d, subray\u00f3.<br \/>\nL\u00edneas de comunicaci\u00f3n y recomendaciones<br \/>\nAnte cualquier eventualidad, comunicarse a las siguientes l\u00edneas:<br \/>\n\ud83d\udcde Bomberos: 100<br \/>\n\ud83d\udcde Emergencia M\u00e9dica: 107<br \/>\n\ud83d\udcde Sistema Policial: 911<br \/>\n\ud83d\udcde  Defensa Civil: 103<br \/>\n\ud83d\udcde  APA: 3624 419990<br \/>\n\ud83d\udcde  Asistencia Social: 3624 402-4802<br \/>\n\ud83d\udcdeSECHEEP: 364-437-7044 o descargarte la APP SECHEEP<br \/>\n\ud83d\udcde MIRAME: 0800-888-6472<br \/>\nAdem\u00e1s, desde las distintas \u00e1reas informaron algunos recaudos a tener en cuenta en el caso de tormentas el\u00e9ctricas y vientos fuertes:<br \/>\n\u2022 Permanecer en el hogar o en alg\u00fan lugar cerrado.<br \/>\n\u2022 Desconectar servicios de electricidad.<br \/>\n\u2022 Cerrar persianas, cortinas, y asegurar las puertas que dan al exterior.<br \/>\nTambi\u00e9n se difundieron recomendaciones para despu\u00e9s del fen\u00f3meno meteorol\u00f3gico:<br \/>\n\u2022 Higiene del hogar: verificar si hubo da\u00f1os en la vivienda. Limpiar pisos, ba\u00f1os y cocina. Abrir y ventilar la casa para evitar humedad.<br \/>\n\u2022 Alimentos y agua: Si se desconect\u00f3 la electricidad o se suspendi\u00f3 el servicio por un per\u00edodo superior a dos horas, controlar el estado de los alimentos de la heladera. Beber \u00fanicamente agua potable.<br \/>\n\u2022 Limpieza fuera de la casa o techos: Recoger las ramas de los \u00e1rboles ca\u00eddos. Verificar la limpieza de canaletas, zanjas y desag\u00fces para evitar obstrucci\u00f3n.<\/p>\n","protected":false},"excerpt":{"rendered":"<p>Definieron un protocolo de asistencia y acci\u00f3n entre diversas \u00e1reas gubernamentales, con el objetivo de evitar anegamientos y garantizar la protecci\u00f3n y el cuidado de las y los vecinos que puedan verse afectados. El gobernador Jorge Capitanich se reuni\u00f3 este jueves con parte de su gabinete para definir un plan de acci\u00f3n ante el pron\u00f3stico [&hellip;]<\/p>\n","protected":false},"author":1,"featured_media":21240,"comment_status":"closed","ping_status":"closed","sticky":false,"template":"","format":"standard","meta":{"footnotes":""},"categories":[6],"tags":[],"class_list":{"0":"post-21239","1":"post","2":"type-post","3":"status-publish","4":"format-standard","5":"has-post-thumbnail","7":"category-chaco"},"_links":{"self":[{"href":"https:\/\/chacosintesis.com.ar\/index.php\/wp-json\/wp\/v2\/posts\/21239","targetHints":{"allow":["GET"]}}],"collection":[{"href":"https:\/\/chacosintesis.com.ar\/index.php\/wp-json\/wp\/v2\/posts"}],"about":[{"href":"https:\/\/chacosintesis.com.ar\/index.php\/wp-json\/wp\/v2\/types\/post"}],"author":[{"embeddable":true,"href":"https:\/\/chacosintesis.com.ar\/index.php\/wp-json\/wp\/v2\/users\/1"}],"replies":[{"embeddable":true,"href":"https:\/\/chacosintesis.com.ar\/index.php\/wp-json\/wp\/v2\/comments?post=21239"}],"version-history":[{"count":0,"href":"https:\/\/chacosintesis.com.ar\/index.php\/wp-json\/wp\/v2\/posts\/21239\/revisions"}],"wp:featuredmedia":[{"embeddable":true,"href":"https:\/\/chacosintesis.com.ar\/index.php\/wp-json\/wp\/v2\/media\/21240"}],"wp:attachment":[{"href":"https:\/\/chacosintesis.com.ar\/index.php\/wp-json\/wp\/v2\/media?parent=21239"}],"wp:term":[{"taxonomy":"category","embeddable":true,"href":"https:\/\/chacosintesis.com.ar\/index.php\/wp-json\/wp\/v2\/categories?post=21239"},{"taxonomy":"post_tag","embeddable":true,"href":"https:\/\/chacosintesis.com.ar\/index.php\/wp-json\/wp\/v2\/tags?post=21239"}],"curies":[{"name":"wp","href":"https:\/\/api.w.org\/{rel}","templated":true}]}}