{"id":21237,"date":"2023-05-05T13:51:29","date_gmt":"2023-05-05T16:51:29","guid":{"rendered":"https:\/\/chacosintesis.com.ar\/?p=21237"},"modified":"2023-05-05T14:06:38","modified_gmt":"2023-05-05T17:06:38","slug":"el-senasa-confirmo-un-caso-de-influenza-aviar-en-fontana","status":"publish","type":"post","link":"https:\/\/chacosintesis.com.ar\/index.php\/el-senasa-confirmo-un-caso-de-influenza-aviar-en-fontana\/","title":{"rendered":"El Senasa confirm\u00f3 un caso de influenza aviar en Fontana"},"content":{"rendered":"<p>El organismo inform\u00f3 los an\u00e1lisis diagnosticados por su Laboratorio Nacional a muestras enviadas desde las distintas provincias. En el Chaco totalizan tres los casos desde el inicio del monitoreo de la situaci\u00f3n epidemiol\u00f3gica.<br \/>\nEl Servicio Nacional de Sanidad y Calidad Agroalimentaria (Senasa) informa que en el d\u00eda de hoy el Laboratorio Nacional diagnostic\u00f3 un nuevo caso positivo a influenza aviar (IA) H5, en aves de traspatio de la localidad de Fontana, en el \u00e1rea metropolitana de la provincia del Chaco.<br \/>\nDe esta manera, de las 484 notificaciones analizadas a la fecha y de los muestreos realizados en las Zonas de Control Sanitario, suman 89 las detecciones de la enfermedad en total en todo el pa\u00eds.<br \/>\nLos casos confirmados hasta hoy son en aves de traspatio (70), sector comercial (12) y silvestres (7), distribuidos de la siguiente manera: 21 en Buenos Aires, 19 en C\u00f3rdoba, 11 en Neuqu\u00e9n, 9 en Santa Fe, 7 en R\u00edo Negro, 6 en Chubut, 3 en Chaco, 2 en San Luis, 2 en La Pampa, 2 en Corrientes, 2 Santa Cruz, 1 en Jujuy, 1 en Santiago del Estero, 1 en Salta, 1 en Formosa y 1 en Mendoza.<\/p>\n","protected":false},"excerpt":{"rendered":"<p>El organismo inform\u00f3 los an\u00e1lisis diagnosticados por su Laboratorio Nacional a muestras enviadas desde las distintas provincias. En el Chaco totalizan tres los casos desde el inicio del monitoreo de la situaci\u00f3n epidemiol\u00f3gica. El Servicio Nacional de Sanidad y Calidad Agroalimentaria (Senasa) informa que en el d\u00eda de hoy el Laboratorio Nacional diagnostic\u00f3 un nuevo [&hellip;]<\/p>\n","protected":false},"author":1,"featured_media":21238,"comment_status":"closed","ping_status":"closed","sticky":false,"template":"","format":"standard","meta":{"footnotes":""},"categories":[6],"tags":[],"class_list":{"0":"post-21237","1":"post","2":"type-post","3":"status-publish","4":"format-standard","5":"has-post-thumbnail","7":"category-chaco"},"_links":{"self":[{"href":"https:\/\/chacosintesis.com.ar\/index.php\/wp-json\/wp\/v2\/posts\/21237","targetHints":{"allow":["GET"]}}],"collection":[{"href":"https:\/\/chacosintesis.com.ar\/index.php\/wp-json\/wp\/v2\/posts"}],"about":[{"href":"https:\/\/chacosintesis.com.ar\/index.php\/wp-json\/wp\/v2\/types\/post"}],"author":[{"embeddable":true,"href":"https:\/\/chacosintesis.com.ar\/index.php\/wp-json\/wp\/v2\/users\/1"}],"replies":[{"embeddable":true,"href":"https:\/\/chacosintesis.com.ar\/index.php\/wp-json\/wp\/v2\/comments?post=21237"}],"version-history":[{"count":0,"href":"https:\/\/chacosintesis.com.ar\/index.php\/wp-json\/wp\/v2\/posts\/21237\/revisions"}],"wp:featuredmedia":[{"embeddable":true,"href":"https:\/\/chacosintesis.com.ar\/index.php\/wp-json\/wp\/v2\/media\/21238"}],"wp:attachment":[{"href":"https:\/\/chacosintesis.com.ar\/index.php\/wp-json\/wp\/v2\/media?parent=21237"}],"wp:term":[{"taxonomy":"category","embeddable":true,"href":"https:\/\/chacosintesis.com.ar\/index.php\/wp-json\/wp\/v2\/categories?post=21237"},{"taxonomy":"post_tag","embeddable":true,"href":"https:\/\/chacosintesis.com.ar\/index.php\/wp-json\/wp\/v2\/tags?post=21237"}],"curies":[{"name":"wp","href":"https:\/\/api.w.org\/{rel}","templated":true}]}}