{"id":21233,"date":"2023-05-05T13:48:09","date_gmt":"2023-05-05T16:48:09","guid":{"rendered":"https:\/\/chacosintesis.com.ar\/?p=21233"},"modified":"2023-05-05T14:06:37","modified_gmt":"2023-05-05T17:06:37","slug":"capitanich-inaugurara-obras-en-margarita-belen","status":"publish","type":"post","link":"https:\/\/chacosintesis.com.ar\/index.php\/capitanich-inaugurara-obras-en-margarita-belen\/","title":{"rendered":"Capitanich inaugurar\u00e1 obras en Margarita Bel\u00e9n"},"content":{"rendered":"<p>El gobernador y el jefe comunal se reunieron para coordinar una agenda de obras que ser\u00e1n habilitadas el pr\u00f3ximo martes 9 de mayo, entre las que se encuentran cuadras de pavimento urbano, iluminaci\u00f3n LED, la Casa de las Culturas, la Comisar\u00eda y la Central de Monitoreo y Videovigilancia.<br \/>\nEl gobernador Jorge Capitanich se reuni\u00f3 este jueves con el intendente de Margarita Bel\u00e9n, Javier Mart\u00ednez, para coordinar y diagramar la agenda de obras a inaugurar el pr\u00f3ximo martes 9 de mayo, en el marco de la celebraci\u00f3n por los 133 a\u00f1os de la localidad. Entre las obras a inaugurar se incluyen cuadras de pavimento urbano m\u00e1s iluminaci\u00f3n LED, as\u00ed como los edificios de la Casa de las Culturas, la Comisar\u00eda local y la Central de Monitoreo y Videovigilancia. Adem\u00e1s, durante el acto central de las celebraciones, se entregar\u00e1n t\u00edtulos de propiedad, as\u00ed como herramientas de trabajo y equipamiento para ladrilleros, y emprendedores y emprendedoras locales. \u201cSeguimos trabajando en conjunto para invertir en m\u00e1s salud, m\u00e1s deporte, m\u00e1s cultura y m\u00e1s derechos para nuestras comunidades\u201d, asegur\u00f3 Capitanich. Ubicada a 21 kil\u00f3metros de Resistencia, Margarita Bel\u00e9n es la localidad cabecera del departamento Primero de Mayo. Considerada cuna del cooperativismo agr\u00edcola de la Argentina, sus primeros pobladores fueron italianos provenientes de Trento as\u00ed como alemanes y franceses que se afincaron a partir de 1890. Se la considera cuna del cooperativismo agr\u00edcola de la Argentina.<br \/>\nObras para siempre<br \/>\nA su turno, el intendente Mart\u00ednez expres\u00f3 que \u201cel mejor regalo que podemos hacer a la comunidad son las obras que quedan para siempre\u201d. En la misma l\u00ednea, el jefe comunal repas\u00f3 las m\u00faltiples obras inauguradas durante esta gesti\u00f3n, entre las que se incluyen pavimento, cloacas, espacios p\u00fablicos, se\u00f1alando que \u201cgarantizan servicios fundamentales, el acceso a infraestructura social b\u00e1sica, mejoran la conectividad, es decir, son obras que transforman la localidad\u201d, Mart\u00ednez. Por \u00faltimo, agreg\u00f3: \u201cTodas estas obras son fruto de la gesti\u00f3n, de planificaci\u00f3n pol\u00edtica de un gobernador que decide invertir en m\u00e1s salud, deporte y m\u00e1s derechos para nuestra comunidad y mejorar as\u00ed la calidad de vida\u201d.<\/p>\n","protected":false},"excerpt":{"rendered":"<p>El gobernador y el jefe comunal se reunieron para coordinar una agenda de obras que ser\u00e1n habilitadas el pr\u00f3ximo martes 9 de mayo, entre las que se encuentran cuadras de pavimento urbano, iluminaci\u00f3n LED, la Casa de las Culturas, la Comisar\u00eda y la Central de Monitoreo y Videovigilancia. El gobernador Jorge Capitanich se reuni\u00f3 este [&hellip;]<\/p>\n","protected":false},"author":1,"featured_media":21234,"comment_status":"closed","ping_status":"closed","sticky":false,"template":"","format":"standard","meta":{"footnotes":""},"categories":[6],"tags":[],"class_list":{"0":"post-21233","1":"post","2":"type-post","3":"status-publish","4":"format-standard","5":"has-post-thumbnail","7":"category-chaco"},"_links":{"self":[{"href":"https:\/\/chacosintesis.com.ar\/index.php\/wp-json\/wp\/v2\/posts\/21233","targetHints":{"allow":["GET"]}}],"collection":[{"href":"https:\/\/chacosintesis.com.ar\/index.php\/wp-json\/wp\/v2\/posts"}],"about":[{"href":"https:\/\/chacosintesis.com.ar\/index.php\/wp-json\/wp\/v2\/types\/post"}],"author":[{"embeddable":true,"href":"https:\/\/chacosintesis.com.ar\/index.php\/wp-json\/wp\/v2\/users\/1"}],"replies":[{"embeddable":true,"href":"https:\/\/chacosintesis.com.ar\/index.php\/wp-json\/wp\/v2\/comments?post=21233"}],"version-history":[{"count":0,"href":"https:\/\/chacosintesis.com.ar\/index.php\/wp-json\/wp\/v2\/posts\/21233\/revisions"}],"wp:featuredmedia":[{"embeddable":true,"href":"https:\/\/chacosintesis.com.ar\/index.php\/wp-json\/wp\/v2\/media\/21234"}],"wp:attachment":[{"href":"https:\/\/chacosintesis.com.ar\/index.php\/wp-json\/wp\/v2\/media?parent=21233"}],"wp:term":[{"taxonomy":"category","embeddable":true,"href":"https:\/\/chacosintesis.com.ar\/index.php\/wp-json\/wp\/v2\/categories?post=21233"},{"taxonomy":"post_tag","embeddable":true,"href":"https:\/\/chacosintesis.com.ar\/index.php\/wp-json\/wp\/v2\/tags?post=21233"}],"curies":[{"name":"wp","href":"https:\/\/api.w.org\/{rel}","templated":true}]}}