{"id":21229,"date":"2023-05-05T13:40:54","date_gmt":"2023-05-05T16:40:54","guid":{"rendered":"https:\/\/chacosintesis.com.ar\/?p=21229"},"modified":"2023-05-05T14:06:36","modified_gmt":"2023-05-05T17:06:36","slug":"lo-atraparon-con-cables-del-alumbrado-publico","status":"publish","type":"post","link":"https:\/\/chacosintesis.com.ar\/index.php\/lo-atraparon-con-cables-del-alumbrado-publico\/","title":{"rendered":"Lo atraparon con cables del alumbrado p\u00fablico"},"content":{"rendered":"<p>El supuesto autor es un menor de 17 a\u00f1os.<br \/>\nAnoche, poco despu\u00e9s de las 20, los efectivos de la Comisar\u00eda Puerto Vilelas realizaban recorridas de prevenci\u00f3n por avenida R\u00edo Paran\u00e1, cuando observaron a un sujeto que se encontraba cortando cables del alumbrado p\u00fablico.<br \/>\nLos agentes lo demoran e identifican, se trataba de un joven de 17 a\u00f1os, que en su poder ten\u00eda dos cuchillos tipo serrucho, los que utilizaba para cortar los cables de las jirafas de alumbrado y tambi\u00e9n cables que ya hab\u00eda sustra\u00eddo de otras.<br \/>\nPor ese motivo los efectivos secuestraron los cables ya cortados, los cuchillos y lo trasladaron a la dependencia policial, donde por orden de la justicia, el menor fue entregado a sus progenitores.<\/p>\n","protected":false},"excerpt":{"rendered":"<p>El supuesto autor es un menor de 17 a\u00f1os. Anoche, poco despu\u00e9s de las 20, los efectivos de la Comisar\u00eda Puerto Vilelas realizaban recorridas de prevenci\u00f3n por avenida R\u00edo Paran\u00e1, cuando observaron a un sujeto que se encontraba cortando cables del alumbrado p\u00fablico. Los agentes lo demoran e identifican, se trataba de un joven de [&hellip;]<\/p>\n","protected":false},"author":1,"featured_media":21230,"comment_status":"closed","ping_status":"closed","sticky":false,"template":"","format":"standard","meta":{"footnotes":""},"categories":[6],"tags":[],"class_list":{"0":"post-21229","1":"post","2":"type-post","3":"status-publish","4":"format-standard","5":"has-post-thumbnail","7":"category-chaco"},"_links":{"self":[{"href":"https:\/\/chacosintesis.com.ar\/index.php\/wp-json\/wp\/v2\/posts\/21229","targetHints":{"allow":["GET"]}}],"collection":[{"href":"https:\/\/chacosintesis.com.ar\/index.php\/wp-json\/wp\/v2\/posts"}],"about":[{"href":"https:\/\/chacosintesis.com.ar\/index.php\/wp-json\/wp\/v2\/types\/post"}],"author":[{"embeddable":true,"href":"https:\/\/chacosintesis.com.ar\/index.php\/wp-json\/wp\/v2\/users\/1"}],"replies":[{"embeddable":true,"href":"https:\/\/chacosintesis.com.ar\/index.php\/wp-json\/wp\/v2\/comments?post=21229"}],"version-history":[{"count":0,"href":"https:\/\/chacosintesis.com.ar\/index.php\/wp-json\/wp\/v2\/posts\/21229\/revisions"}],"wp:featuredmedia":[{"embeddable":true,"href":"https:\/\/chacosintesis.com.ar\/index.php\/wp-json\/wp\/v2\/media\/21230"}],"wp:attachment":[{"href":"https:\/\/chacosintesis.com.ar\/index.php\/wp-json\/wp\/v2\/media?parent=21229"}],"wp:term":[{"taxonomy":"category","embeddable":true,"href":"https:\/\/chacosintesis.com.ar\/index.php\/wp-json\/wp\/v2\/categories?post=21229"},{"taxonomy":"post_tag","embeddable":true,"href":"https:\/\/chacosintesis.com.ar\/index.php\/wp-json\/wp\/v2\/tags?post=21229"}],"curies":[{"name":"wp","href":"https:\/\/api.w.org\/{rel}","templated":true}]}}