{"id":21218,"date":"2023-05-04T19:04:29","date_gmt":"2023-05-04T22:04:29","guid":{"rendered":"https:\/\/chacosintesis.com.ar\/?p=21218"},"modified":"2023-05-04T19:09:00","modified_gmt":"2023-05-04T22:09:00","slug":"para-beneficio-de-40-mil-deportistas-refaccionaran-el-estadio-del-club-don-orione-de-barranqueras","status":"publish","type":"post","link":"https:\/\/chacosintesis.com.ar\/index.php\/para-beneficio-de-40-mil-deportistas-refaccionaran-el-estadio-del-club-don-orione-de-barranqueras\/","title":{"rendered":"Para beneficio de 40 mil deportistas, refaccionar\u00e1n el estadio del Club Don Orione de Barranqueras"},"content":{"rendered":"<p>El presidente de Loter\u00eda Chaque\u00f1a, Gabriel Lemos rubric\u00f3 un acuerdo junto a la intendenta de la localidad, Magda Ayala.<br \/>\nEl convenio establece la refacci\u00f3n en el estadio principal de b\u00e1squet, m\u00e1s precisamente la reparaci\u00f3n del techo con la colocaci\u00f3n de espuma r\u00edgida y la reposici\u00f3n del piso parquet. \u201cEs una obra muy anhelada\u201d explay\u00f3 Magda Ayala qui\u00e9n fue acompa\u00f1ada por Osvaldo Nardoni, presidente del Club Don Orione, H\u00e9ctor C\u00e1ceres qui\u00e9n es el titular de la sub comisi\u00f3n de b\u00e1squet del conjunto portuario y el coordinador del \u00e1rea de deporte de Barranqueras Celso Freire.<br \/>\nPor su parte, Lemos dej\u00f3 en claro que: \u201cTrabajamos fuertemente en mejorar la infraestructura deportiva a lo largo y ancho de la provincia, esto es una fuerte premisa del actual gobernador Jorge Capitanich. El Club Don Orione, es muy significativo para Barranqueras y para la provincia, en la que asisten miles y miles de chicos y familias es por eso que estas obras son preponderantes\u201d.<br \/>\nPor \u00faltimo, la jefa comunal Magda Ayala, cont\u00f3 que: \u201cAsisten m\u00e1s de 40 mil grandes y chicos al Club Don Orione\u201d y que esta obra marcar\u00e1 \u201cun antes y un despu\u00e9s\u201d.<\/p>\n","protected":false},"excerpt":{"rendered":"<p>El presidente de Loter\u00eda Chaque\u00f1a, Gabriel Lemos rubric\u00f3 un acuerdo junto a la intendenta de la localidad, Magda Ayala. El convenio establece la refacci\u00f3n en el estadio principal de b\u00e1squet, m\u00e1s precisamente la reparaci\u00f3n del techo con la colocaci\u00f3n de espuma r\u00edgida y la reposici\u00f3n del piso parquet. \u201cEs una obra muy anhelada\u201d explay\u00f3 Magda [&hellip;]<\/p>\n","protected":false},"author":1,"featured_media":21219,"comment_status":"closed","ping_status":"closed","sticky":false,"template":"","format":"standard","meta":{"footnotes":""},"categories":[6],"tags":[],"class_list":{"0":"post-21218","1":"post","2":"type-post","3":"status-publish","4":"format-standard","5":"has-post-thumbnail","7":"category-chaco"},"_links":{"self":[{"href":"https:\/\/chacosintesis.com.ar\/index.php\/wp-json\/wp\/v2\/posts\/21218","targetHints":{"allow":["GET"]}}],"collection":[{"href":"https:\/\/chacosintesis.com.ar\/index.php\/wp-json\/wp\/v2\/posts"}],"about":[{"href":"https:\/\/chacosintesis.com.ar\/index.php\/wp-json\/wp\/v2\/types\/post"}],"author":[{"embeddable":true,"href":"https:\/\/chacosintesis.com.ar\/index.php\/wp-json\/wp\/v2\/users\/1"}],"replies":[{"embeddable":true,"href":"https:\/\/chacosintesis.com.ar\/index.php\/wp-json\/wp\/v2\/comments?post=21218"}],"version-history":[{"count":0,"href":"https:\/\/chacosintesis.com.ar\/index.php\/wp-json\/wp\/v2\/posts\/21218\/revisions"}],"wp:featuredmedia":[{"embeddable":true,"href":"https:\/\/chacosintesis.com.ar\/index.php\/wp-json\/wp\/v2\/media\/21219"}],"wp:attachment":[{"href":"https:\/\/chacosintesis.com.ar\/index.php\/wp-json\/wp\/v2\/media?parent=21218"}],"wp:term":[{"taxonomy":"category","embeddable":true,"href":"https:\/\/chacosintesis.com.ar\/index.php\/wp-json\/wp\/v2\/categories?post=21218"},{"taxonomy":"post_tag","embeddable":true,"href":"https:\/\/chacosintesis.com.ar\/index.php\/wp-json\/wp\/v2\/tags?post=21218"}],"curies":[{"name":"wp","href":"https:\/\/api.w.org\/{rel}","templated":true}]}}