{"id":21212,"date":"2023-05-04T18:57:29","date_gmt":"2023-05-04T21:57:29","guid":{"rendered":"https:\/\/chacosintesis.com.ar\/?p=21212"},"modified":"2023-05-04T19:08:58","modified_gmt":"2023-05-04T22:08:58","slug":"ipduv-y-la-fundacion-huoqo-trabajaran-en-conjunto-con-propuestas-artisticas-para-la-comunidad","status":"publish","type":"post","link":"https:\/\/chacosintesis.com.ar\/index.php\/ipduv-y-la-fundacion-huoqo-trabajaran-en-conjunto-con-propuestas-artisticas-para-la-comunidad\/","title":{"rendered":"IPDUV y la Fundaci\u00f3n Huoqo trabajar\u00e1n en conjunto con propuestas art\u00edsticas para la comunidad"},"content":{"rendered":"<p>En el marco del programa \u201cAlianzas\u201d, el organismo provincial acord\u00f3 brindar en esta oportunidad los recursos financieros necesarios y el espacio f\u00edsico donde artistas desarrollar\u00e1n talleres para promover la cultura, el arte y la educaci\u00f3n. Mientras que la fundaci\u00f3n se comprometi\u00f3 a la planificaci\u00f3n y organizaci\u00f3n de dichos talleres art\u00edsticos.<br \/>\nA paso firme, el Instituto Provincial de Desarrollo Urbano y Vivienda (IPDUV) avanza con los proyectos ligados a promover el arte, la cultura y la educaci\u00f3n. Mediante un convenio firmado hoy por el titular del organismo provincial, Diego Ar\u00e9valo y el representante de la Escuela de Arte P\u00fablico Huoqo`, Juan Enrique Jacobo Yorg se acord\u00f3 impulsar y desarrollar encuentros, cl\u00ednicas y talleres permanentes de distintas disciplinas art\u00edsticas. Esta iniciativa estar\u00e1 dirigida a la comunidad en las instalaciones de la Usina Urbana, ubicada entre la calle Cervantes y avenida Chaco de la ciudad de Resistencia.<br \/>\nEste acuerdo se ejecuta en el marco del programa \u201cAlianzas\u201d que el IPDUV viene impulsando y concretando con diferentes entidades. En este caso es otro proyecto m\u00e1s llevado a cabo con la Fundaci\u00f3n Huoqo\u00b4, con quien el Instituto de Vivienda viene trabajando de manera conjunta desde 2021 con la ejecuci\u00f3n de distintas intervenciones art\u00edsticas y con la participaci\u00f3n de m\u00e1s de 600 alumnos en la Usina Urbana.<br \/>\nMediante este \u00faltimo convenio, el organismo provincial se comprometi\u00f3 a ceder las instalaciones de la Usina Urbana como as\u00ed tambi\u00e9n a aportar los recursos necesarios para solventar los gastos de los eventos que la Fundaci\u00f3n proponga y conforme factibilidad presupuestaria y financiera del IPDUV; mientras que la Fundaci\u00f3n ser\u00e1 la responsable de planificar y organizar encuentros, cl\u00ednicas y talleres permanentes de distintas disciplinas art\u00edsticas.<br \/>\nVale recordar que la Usina Urbana fue creada y construida durante la gesti\u00f3n de Diego Ar\u00e9valo como titular del Instituto de Vivienda y responde a una propuesta multifuncional con un mismo objetivo: estrechar v\u00ednculos con la sociedad y promover el desarrollo urbano de la ciudad. Actualmente dicho espacio interdisciplinario es de uso comunitario ya que se convoca a la realizaci\u00f3n de actividades conjuntas entre t\u00e9cnicos, investigadores, artistas, deportistas, comunidad educativa y vecinos en general, permitiendo, adem\u00e1s, de sumar distintos tipos de eventos de inter\u00e9s social.<br \/>\n\u201cPara nosotros es un orgullo poder colaborar con un espacio destinado al encuentro donde las y los artistas y la comunidad se dan cita para promover, fomentar y transmitir la cultura y el arte en todas sus formas. Queremos que las propuestas sigan creciendo\u201d, dijo el presidente del organismo, Diego Ar\u00e9valo. Asimismo, afirm\u00f3 que su postura sigue siendo la misma, la de promocionar a este espacio como el lugar donde la comunidad podr\u00e1 desarrollar sus cualidades art\u00edsticas, donde se podr\u00e1 realizar eventos deportivos e impulsar la capacitaci\u00f3n para estudiantes y profesionales.<br \/>\nFundaci\u00f3n Huoqo&#8217;<br \/>\nLa Escuela P\u00fablica de Arte de Puerto Tirol, fue iniciada en 2007 mediante el impulso de artistas locales, son m\u00e1s de 400 estudiantes quienes asisten a desarrollar actividades y formarse y tiene por prop\u00f3sito favorecer el desarrollo de habilidades sociales de los j\u00f3venes de la comunidad a trav\u00e9s de diferentes lenguajes art\u00edsticos, implementar talleres y\/o cl\u00ednicas de actividades art\u00edsticas, entre otros.<\/p>\n","protected":false},"excerpt":{"rendered":"<p>En el marco del programa \u201cAlianzas\u201d, el organismo provincial acord\u00f3 brindar en esta oportunidad los recursos financieros necesarios y el espacio f\u00edsico donde artistas desarrollar\u00e1n talleres para promover la cultura, el arte y la educaci\u00f3n. Mientras que la fundaci\u00f3n se comprometi\u00f3 a la planificaci\u00f3n y organizaci\u00f3n de dichos talleres art\u00edsticos. A paso firme, el Instituto [&hellip;]<\/p>\n","protected":false},"author":1,"featured_media":21213,"comment_status":"closed","ping_status":"closed","sticky":false,"template":"","format":"standard","meta":{"footnotes":""},"categories":[6],"tags":[],"class_list":{"0":"post-21212","1":"post","2":"type-post","3":"status-publish","4":"format-standard","5":"has-post-thumbnail","7":"category-chaco"},"_links":{"self":[{"href":"https:\/\/chacosintesis.com.ar\/index.php\/wp-json\/wp\/v2\/posts\/21212","targetHints":{"allow":["GET"]}}],"collection":[{"href":"https:\/\/chacosintesis.com.ar\/index.php\/wp-json\/wp\/v2\/posts"}],"about":[{"href":"https:\/\/chacosintesis.com.ar\/index.php\/wp-json\/wp\/v2\/types\/post"}],"author":[{"embeddable":true,"href":"https:\/\/chacosintesis.com.ar\/index.php\/wp-json\/wp\/v2\/users\/1"}],"replies":[{"embeddable":true,"href":"https:\/\/chacosintesis.com.ar\/index.php\/wp-json\/wp\/v2\/comments?post=21212"}],"version-history":[{"count":0,"href":"https:\/\/chacosintesis.com.ar\/index.php\/wp-json\/wp\/v2\/posts\/21212\/revisions"}],"wp:featuredmedia":[{"embeddable":true,"href":"https:\/\/chacosintesis.com.ar\/index.php\/wp-json\/wp\/v2\/media\/21213"}],"wp:attachment":[{"href":"https:\/\/chacosintesis.com.ar\/index.php\/wp-json\/wp\/v2\/media?parent=21212"}],"wp:term":[{"taxonomy":"category","embeddable":true,"href":"https:\/\/chacosintesis.com.ar\/index.php\/wp-json\/wp\/v2\/categories?post=21212"},{"taxonomy":"post_tag","embeddable":true,"href":"https:\/\/chacosintesis.com.ar\/index.php\/wp-json\/wp\/v2\/tags?post=21212"}],"curies":[{"name":"wp","href":"https:\/\/api.w.org\/{rel}","templated":true}]}}