{"id":21208,"date":"2023-05-04T18:51:37","date_gmt":"2023-05-04T21:51:37","guid":{"rendered":"https:\/\/chacosintesis.com.ar\/?p=21208"},"modified":"2023-05-04T19:08:56","modified_gmt":"2023-05-04T22:08:56","slug":"se-realiza-en-la-provincia-el-primer-encuentro-federal-apicola","status":"publish","type":"post","link":"https:\/\/chacosintesis.com.ar\/index.php\/se-realiza-en-la-provincia-el-primer-encuentro-federal-apicola\/","title":{"rendered":"Se realiza en la provincia el Primer Encuentro Federal Ap\u00edcola"},"content":{"rendered":"<p>Esta ma\u00f1ana comenz\u00f3 la primera edici\u00f3n del Encuentro Ap\u00edcola Federal, que se llevar\u00e1 a cabo durante hoy y ma\u00f1ana en el Centro de Convenciones Gala en Resistencia.<br \/>\nEn la apertura estuvieron presentes el gobernador Jorge Milton Capitanich; la vicegobernadora Anal\u00eda Rach Quiroga; el ministro de Producci\u00f3n, Industria y Empleo, Sebasti\u00e1n Lifton, la ministra de Ambiente y Desarrollo Territorial Sostenible, Marta Soneira, el ministro de Planificaci\u00f3n, Econom\u00eda e Infraestructura, Santiago P\u00e9rez Pons, autoridades del Consejo Federal de Inversiones CFI y organismos nacionales.<br \/>\nEl encuentro, promovido por el Consejo Federal de Inversiones (CFI), tiene por objetivo consolidar a la Argentina como productor y exportador de miel y otros productos vinculados al sector ap\u00edcola a nivel Global y desarrollar las potencialidades de la actividad a nivel Federal, articulando y vinculando las Provincias sobre la base del conocimiento, nuevas tecnolog\u00edas, relaciones comerciales y experiencias locales.<br \/>\nEn esta oportunidad, se ha seleccionado la Regi\u00f3n del Norte Grande y al Chaco, como provincia anfitriona. \u201cLa provincia del Chaco lidera la producci\u00f3n de miel org\u00e1nica en la Rep\u00fablica Argentina\u201d, destac\u00f3 el gobernador Jorge Milton Capitanich.<br \/>\nEl gobierno de la provincia del Chaco junto a los Ministerios de Ambiente y Desarrollo Territorial Sostenible, el Ministerio de Producci\u00f3n, Industria y Empleo, y el Consejo Federal de Inversiones buscan promover el desarrollo de sectores productivos claves en las provincias argentinas, a trav\u00e9s de la coordinaci\u00f3n de acciones y eventos estrat\u00e9gicos, proponiendo un espacio de encuentro, formaci\u00f3n e intercambio de experiencias entre los actores del sector ap\u00edcola.<br \/>\nEn este sentido, el gobernador remarc\u00f3: \u201cTenemos un programa de expansi\u00f3n del n\u00famero de colmenas. Tenemos 83.000 colmenas y pretendemos llegar a 150.000, con distintas fuentes de financiamiento\u201d. \u201cNuestra meta es llegar a 500.000 colmenas en los pr\u00f3ximos diez a\u00f1os, lo que significa un programa plurianual\u201d, agreg\u00f3.<br \/>\nAs\u00ed tambi\u00e9n, Capitanich manifest\u00f3 que \u201cla miel org\u00e1nica chaque\u00f1a, dada la flora Impenetrable y su densidad boscosa es la que nos permite tener una plataforma de desarrollo hacia el futuro\u201d. \u201cEso no quiere decir que en otros lugares de la provincia no se produzca\u201d, aclar\u00f3.<br \/>\n\u201cEs una fuente de capacidad y abastecimiento de oportunidades para la creaci\u00f3n de empleos, para la diversificaci\u00f3n de las exportaciones y para la generaci\u00f3n de una cadena de valor agregado\u201d, expres\u00f3 el gobernador.<br \/>\nEn el marco del encuentro, el gobernador firm\u00f3 con el Consejo Federal de Inversiones un convenio en adhesi\u00f3n de la segunda etapa del Programa de Financiamiento MiPyME v\u00eda mercado de capitales. El mismo tiene como objetivo promover el financiamiento MiPyME a trav\u00e9s de instrumentos financieros avalados por los Fondos de Garant\u00eda de Car\u00e1cter P\u00fablico Provinciales, priorizando su aplicaci\u00f3n a actividades productivas y el desarrollo y fomento de las econom\u00edas regionales.<br \/>\nEl encuentro cuenta con la participaci\u00f3n de productores de la provincia del Chaco, m\u00e1s de 100 productores de 18 provincias del pa\u00eds (Buenos Aires, Catamarca, C\u00f3rdoba, Chubut, Entre R\u00edos, Formosa, Jujuy, La Pampa, La Rioja, Mendoza, Misiones, Neuqu\u00e9n, R\u00edo Negro, Salta, San Juan, Santa Cruz, Santa Fe y Tucum\u00e1n), t\u00e9cnicos y productores de pa\u00edses vecinos.<br \/>\nAdem\u00e1s, tendr\u00e1 5 ejes estructurales: EXPO \u2013 API; Congreso Ap\u00edcola con tem\u00e1ticas espec\u00edficas y de inter\u00e9s; sectorial desarrollado por disertantes Nacionales e Internacionales; Sesi\u00f3n del Consejo Nacional Ap\u00edcola (la primera desde el 2019); Mesa de C\u00e1mara exportadora de miel y de C\u00e1mara; Fraccionado de miel de Argentina (Primera reuni\u00f3n de la c\u00e1mara Argentina de fraccionadores de miel fuera de Buenos Aires); Ronda de Negocios con operadores Internacionales y Nacionales.<\/p>\n","protected":false},"excerpt":{"rendered":"<p>Esta ma\u00f1ana comenz\u00f3 la primera edici\u00f3n del Encuentro Ap\u00edcola Federal, que se llevar\u00e1 a cabo durante hoy y ma\u00f1ana en el Centro de Convenciones Gala en Resistencia. En la apertura estuvieron presentes el gobernador Jorge Milton Capitanich; la vicegobernadora Anal\u00eda Rach Quiroga; el ministro de Producci\u00f3n, Industria y Empleo, Sebasti\u00e1n Lifton, la ministra de Ambiente [&hellip;]<\/p>\n","protected":false},"author":1,"featured_media":21209,"comment_status":"closed","ping_status":"closed","sticky":false,"template":"","format":"standard","meta":{"footnotes":""},"categories":[6],"tags":[],"class_list":{"0":"post-21208","1":"post","2":"type-post","3":"status-publish","4":"format-standard","5":"has-post-thumbnail","7":"category-chaco"},"_links":{"self":[{"href":"https:\/\/chacosintesis.com.ar\/index.php\/wp-json\/wp\/v2\/posts\/21208","targetHints":{"allow":["GET"]}}],"collection":[{"href":"https:\/\/chacosintesis.com.ar\/index.php\/wp-json\/wp\/v2\/posts"}],"about":[{"href":"https:\/\/chacosintesis.com.ar\/index.php\/wp-json\/wp\/v2\/types\/post"}],"author":[{"embeddable":true,"href":"https:\/\/chacosintesis.com.ar\/index.php\/wp-json\/wp\/v2\/users\/1"}],"replies":[{"embeddable":true,"href":"https:\/\/chacosintesis.com.ar\/index.php\/wp-json\/wp\/v2\/comments?post=21208"}],"version-history":[{"count":0,"href":"https:\/\/chacosintesis.com.ar\/index.php\/wp-json\/wp\/v2\/posts\/21208\/revisions"}],"wp:featuredmedia":[{"embeddable":true,"href":"https:\/\/chacosintesis.com.ar\/index.php\/wp-json\/wp\/v2\/media\/21209"}],"wp:attachment":[{"href":"https:\/\/chacosintesis.com.ar\/index.php\/wp-json\/wp\/v2\/media?parent=21208"}],"wp:term":[{"taxonomy":"category","embeddable":true,"href":"https:\/\/chacosintesis.com.ar\/index.php\/wp-json\/wp\/v2\/categories?post=21208"},{"taxonomy":"post_tag","embeddable":true,"href":"https:\/\/chacosintesis.com.ar\/index.php\/wp-json\/wp\/v2\/tags?post=21208"}],"curies":[{"name":"wp","href":"https:\/\/api.w.org\/{rel}","templated":true}]}}