{"id":21200,"date":"2023-05-04T18:42:29","date_gmt":"2023-05-04T21:42:29","guid":{"rendered":"https:\/\/chacosintesis.com.ar\/?p=21200"},"modified":"2023-05-04T19:08:53","modified_gmt":"2023-05-04T22:08:53","slug":"lanzaron-los-juegos-culturales-evita-2023-en-chaco","status":"publish","type":"post","link":"https:\/\/chacosintesis.com.ar\/index.php\/lanzaron-los-juegos-culturales-evita-2023-en-chaco\/","title":{"rendered":"Lanzaron los Juegos Culturales Evita 2023 en Chaco"},"content":{"rendered":"<p>El acto fue encabezado por Walter Carbonell, director de Promoci\u00f3n Sociocultural del Instituto de Cultura de la Provincia del Chaco junto al intendente de la localidad,  Julio Cesar Paredez.<br \/>\nBajo el lema \u201cCreciendo en democracia\u201d, la edici\u00f3n 18\u00b0 se realiza para profundizar el trabajo creativo, la autonom\u00eda, la imaginaci\u00f3n, la conciencia social, y contribuir a la construcci\u00f3n de una democracia participativa y solidaria. Los juegos Culturales Evita son un programa nacional que se desarrolla de manera ininterrumpida desde 2006, y representan una expresi\u00f3n consolidada entre las pol\u00edticas p\u00fablicas culturales de alcance federal. Es una propuesta dirigida a ni\u00f1os, ni\u00f1as y j\u00f3venes entre doce y dieciocho a\u00f1os, y a personas adultas mayores de 60 a\u00f1os. En esta edici\u00f3n habr\u00e1 nuevas instancias de participaci\u00f3n, formaci\u00f3n y disciplinas. Las categor\u00edas son: Sub 15 (para juventudes de 12, 13, 14 y 15 a\u00f1os), Sub 18 (para juventudes de 16, 17 y 18 a\u00f1os), Categor\u00eda \u00fanica (para juventudes de 12 a 18 a\u00f1os), Personas mayores (60 a\u00f1os o m\u00e1s) y Personas con discapacidad \u2013 PCD (para juventudes de 12 a 18 a\u00f1os).<br \/>\nLas disciplinas en esta edici\u00f3n ser\u00e1n:<br \/>\nCuento; Poes\u00eda; Dibujo\/Pintura; Fotograf\u00eda Digital; Canto solista y Pareja de Danza;  en sus tres categor\u00edas, Sub 15, Sub 18,  y adultos mayores. Sum\u00e1ndose  a \u00e9stas,  v\u00eddeo minuto y freestyle en las categor\u00edas  Sub 15 y Sub 18. Adem\u00e1s de la Categor\u00eda \u00danica que comprende las edades de entre los 12 y 18 a\u00f1os, en las disciplinas: Historieta; Danza libre; Grupo musical Teatro grupal; Teatro unipersonal, y Fotograf\u00eda digital sumando a estas dos \u00faltimas en las categor\u00edas. (Personas con discapacidad y Adultos Mayores ). Adem\u00e1s los\/as autores\/as de las obras ganadoras en las finales provinciales para cada categor\u00eda y disciplina participar\u00e1n en octubre, del Encuentro Final Nacional en Mar del Plata, para los juveniles y en Santiago del Estero para los adultos mayores  con sus talleres, conversatorios y cl\u00ednicas .<\/p>\n","protected":false},"excerpt":{"rendered":"<p>El acto fue encabezado por Walter Carbonell, director de Promoci\u00f3n Sociocultural del Instituto de Cultura de la Provincia del Chaco junto al intendente de la localidad, Julio Cesar Paredez. Bajo el lema \u201cCreciendo en democracia\u201d, la edici\u00f3n 18\u00b0 se realiza para profundizar el trabajo creativo, la autonom\u00eda, la imaginaci\u00f3n, la conciencia social, y contribuir a [&hellip;]<\/p>\n","protected":false},"author":1,"featured_media":21201,"comment_status":"closed","ping_status":"closed","sticky":false,"template":"","format":"standard","meta":{"footnotes":""},"categories":[6],"tags":[],"class_list":{"0":"post-21200","1":"post","2":"type-post","3":"status-publish","4":"format-standard","5":"has-post-thumbnail","7":"category-chaco"},"_links":{"self":[{"href":"https:\/\/chacosintesis.com.ar\/index.php\/wp-json\/wp\/v2\/posts\/21200","targetHints":{"allow":["GET"]}}],"collection":[{"href":"https:\/\/chacosintesis.com.ar\/index.php\/wp-json\/wp\/v2\/posts"}],"about":[{"href":"https:\/\/chacosintesis.com.ar\/index.php\/wp-json\/wp\/v2\/types\/post"}],"author":[{"embeddable":true,"href":"https:\/\/chacosintesis.com.ar\/index.php\/wp-json\/wp\/v2\/users\/1"}],"replies":[{"embeddable":true,"href":"https:\/\/chacosintesis.com.ar\/index.php\/wp-json\/wp\/v2\/comments?post=21200"}],"version-history":[{"count":0,"href":"https:\/\/chacosintesis.com.ar\/index.php\/wp-json\/wp\/v2\/posts\/21200\/revisions"}],"wp:featuredmedia":[{"embeddable":true,"href":"https:\/\/chacosintesis.com.ar\/index.php\/wp-json\/wp\/v2\/media\/21201"}],"wp:attachment":[{"href":"https:\/\/chacosintesis.com.ar\/index.php\/wp-json\/wp\/v2\/media?parent=21200"}],"wp:term":[{"taxonomy":"category","embeddable":true,"href":"https:\/\/chacosintesis.com.ar\/index.php\/wp-json\/wp\/v2\/categories?post=21200"},{"taxonomy":"post_tag","embeddable":true,"href":"https:\/\/chacosintesis.com.ar\/index.php\/wp-json\/wp\/v2\/tags?post=21200"}],"curies":[{"name":"wp","href":"https:\/\/api.w.org\/{rel}","templated":true}]}}