{"id":21182,"date":"2023-05-04T18:19:55","date_gmt":"2023-05-04T21:19:55","guid":{"rendered":"https:\/\/chacosintesis.com.ar\/?p=21182"},"modified":"2023-05-04T18:36:39","modified_gmt":"2023-05-04T21:36:39","slug":"se-consolida-el-proceso-de-desarrollo-urbanistico-en-las-palmas","status":"publish","type":"post","link":"https:\/\/chacosintesis.com.ar\/index.php\/se-consolida-el-proceso-de-desarrollo-urbanistico-en-las-palmas\/","title":{"rendered":"Se consolida el proceso de desarrollo urban\u00edstico en Las Palmas"},"content":{"rendered":"<p>El Ministerio de Ambiente y Desarrollo Territorial Sostenible realiza, junto a otros organismos provinciales, una serie de intervenciones territoriales en diferentes zonas del barrio Santa Rita de esta localidad.<br \/>\nEn Las Palmas, el Ministerio de Ambiente puso en marcha el proceso de desarrollo urban\u00edstico en el barrio Santa Rita Sur. En su primera etapa  se generar\u00e1n 40 lotes urbanos a los que las y los beneficiarios podr\u00e1n acceder a trav\u00e9s del Banco de Tierras de la provincia.<br \/>\nJunto a la Direcci\u00f3n de  Vialidad Provincial (DVP) y Sameep, se trabaja en la extensi\u00f3n de red de agua potable. \u201cEstas acciones son una clara pol\u00edtica de Estado para la mejora y acceso a un h\u00e1bitat adecuado para las y los palme\u00f1os\u201d, expres\u00f3 la coordinadora de Relaciones Institucionales de la cartera provincial, Liliana Jara.<br \/>\nEl proyecto urban\u00edstico tambi\u00e9n prev\u00e9 la ejecuci\u00f3n de viviendas que se articular\u00e1n desde el Ministerio de Ambiente y Desarrollo Territorial y Ambiente y el Instituto de Agricultura Familiar y Econom\u00eda Popular (IAFEP). \u201cTrabajamos junto al consorcio de Ladrilleros de Las Palmas que ya cuenta con viviendas en ejecuci\u00f3n que fueron aprobadas por el Banco de Tierras de la provincia\u201d, remarc\u00f3 Jara.<br \/>\nPor otra parte, la cartera ambiental trabaja en la extensi\u00f3n de red de agua potable en el barrio Santa Rita en conjunto con la DVP y Sameep. \u201cEn esta primera etapa se a\u00f1adieron 600 metros de ca\u00f1os a la red de agua potable que beneficiar\u00e1 a m\u00e1s de 50 familias de la localidad\u201d, detall\u00f3 Jara.<\/p>\n","protected":false},"excerpt":{"rendered":"<p>El Ministerio de Ambiente y Desarrollo Territorial Sostenible realiza, junto a otros organismos provinciales, una serie de intervenciones territoriales en diferentes zonas del barrio Santa Rita de esta localidad. En Las Palmas, el Ministerio de Ambiente puso en marcha el proceso de desarrollo urban\u00edstico en el barrio Santa Rita Sur. En su primera etapa se [&hellip;]<\/p>\n","protected":false},"author":1,"featured_media":21183,"comment_status":"closed","ping_status":"closed","sticky":false,"template":"","format":"standard","meta":{"footnotes":""},"categories":[6],"tags":[],"class_list":{"0":"post-21182","1":"post","2":"type-post","3":"status-publish","4":"format-standard","5":"has-post-thumbnail","7":"category-chaco"},"_links":{"self":[{"href":"https:\/\/chacosintesis.com.ar\/index.php\/wp-json\/wp\/v2\/posts\/21182","targetHints":{"allow":["GET"]}}],"collection":[{"href":"https:\/\/chacosintesis.com.ar\/index.php\/wp-json\/wp\/v2\/posts"}],"about":[{"href":"https:\/\/chacosintesis.com.ar\/index.php\/wp-json\/wp\/v2\/types\/post"}],"author":[{"embeddable":true,"href":"https:\/\/chacosintesis.com.ar\/index.php\/wp-json\/wp\/v2\/users\/1"}],"replies":[{"embeddable":true,"href":"https:\/\/chacosintesis.com.ar\/index.php\/wp-json\/wp\/v2\/comments?post=21182"}],"version-history":[{"count":0,"href":"https:\/\/chacosintesis.com.ar\/index.php\/wp-json\/wp\/v2\/posts\/21182\/revisions"}],"wp:featuredmedia":[{"embeddable":true,"href":"https:\/\/chacosintesis.com.ar\/index.php\/wp-json\/wp\/v2\/media\/21183"}],"wp:attachment":[{"href":"https:\/\/chacosintesis.com.ar\/index.php\/wp-json\/wp\/v2\/media?parent=21182"}],"wp:term":[{"taxonomy":"category","embeddable":true,"href":"https:\/\/chacosintesis.com.ar\/index.php\/wp-json\/wp\/v2\/categories?post=21182"},{"taxonomy":"post_tag","embeddable":true,"href":"https:\/\/chacosintesis.com.ar\/index.php\/wp-json\/wp\/v2\/tags?post=21182"}],"curies":[{"name":"wp","href":"https:\/\/api.w.org\/{rel}","templated":true}]}}