{"id":21178,"date":"2023-05-04T18:16:17","date_gmt":"2023-05-04T21:16:17","guid":{"rendered":"https:\/\/chacosintesis.com.ar\/?p=21178"},"modified":"2023-05-04T18:36:38","modified_gmt":"2023-05-04T21:36:38","slug":"avanza-la-obra-del-nuevo-museo-de-arte-contemporaneo-oscar-sanchez-kelly","status":"publish","type":"post","link":"https:\/\/chacosintesis.com.ar\/index.php\/avanza-la-obra-del-nuevo-museo-de-arte-contemporaneo-oscar-sanchez-kelly\/","title":{"rendered":"Avanza la obra del nuevo Museo de Arte Contempor\u00e1neo &#8220;Oscar S\u00e1nchez Kelly&#8221;"},"content":{"rendered":"<p>El proyecto implica la restauraci\u00f3n de un hist\u00f3rico edificio de m\u00e1s de un siglo de antig\u00fcedad en donde se exhibir\u00e1n obras de S\u00e1nchez Kelly y otros artistas. Los trabajos son ejecutados a trav\u00e9s del Ministerio de Gobierno y Trabajo de la provincia.<br \/>\nEl ministro de Gobierno y Trabajo, Juan Manuel Chapo, se reuni\u00f3 con la arquitecta Linda Peso, encargada de la restauraci\u00f3n del edificio donde funcionar\u00e1 el pr\u00f3ximo Museo de Arte Contempor\u00e1neo \u201cOscar S\u00e1nchez Kelly\u201d, para ultimar los detalles del avance del proyecto final de la obra. \u201cEstamos hablando de un inmueble patrimonial hist\u00f3rico, de m\u00e1s de 100 a\u00f1os de antig\u00fcedad, que lo estamos recuperando y restaurando para ponerlo al servicio del arte y la cultura de la provincia del Chaco\u201d, se\u00f1al\u00f3 el funcionario y agreg\u00f3 que: \u201cEs una obra q emblem\u00e1tica en la ciudad de Resistencia, que ser\u00e1 un lugar \u00fanico en la regi\u00f3n\u201d. A trav\u00e9s del Ministerio de Gobierno y Trabajo se est\u00e1 ejecutando la restauraci\u00f3n de uno de los inmuebles m\u00e1s antiguos e hist\u00f3ricos de la ciudad de Resistencia. El lugar tendr\u00e1 como objetivo la exhibici\u00f3n y promoci\u00f3n de las obras de Oscar S\u00e1nchez Kelly como as\u00ed tambi\u00e9n de artistas contempor\u00e1neos tanto a nivel local, nacional e internacional. Adem\u00e1s, el espacio contar\u00e1 con salones de usos m\u00faltiples, un caf\u00e9 y distintos sectores para la muestra de las disciplinas art\u00edsticas. El inmueble fue construido en 1912 como vivienda de la familia Gabardini, una de las primeras en la colonia Resistencia y luego fue la sede de la primera Casa de Gobierno que tuvo el Chaco como provincia.<\/p>\n","protected":false},"excerpt":{"rendered":"<p>El proyecto implica la restauraci\u00f3n de un hist\u00f3rico edificio de m\u00e1s de un siglo de antig\u00fcedad en donde se exhibir\u00e1n obras de S\u00e1nchez Kelly y otros artistas. Los trabajos son ejecutados a trav\u00e9s del Ministerio de Gobierno y Trabajo de la provincia. El ministro de Gobierno y Trabajo, Juan Manuel Chapo, se reuni\u00f3 con la [&hellip;]<\/p>\n","protected":false},"author":1,"featured_media":21179,"comment_status":"closed","ping_status":"closed","sticky":false,"template":"","format":"standard","meta":{"footnotes":""},"categories":[6],"tags":[],"class_list":{"0":"post-21178","1":"post","2":"type-post","3":"status-publish","4":"format-standard","5":"has-post-thumbnail","7":"category-chaco"},"_links":{"self":[{"href":"https:\/\/chacosintesis.com.ar\/index.php\/wp-json\/wp\/v2\/posts\/21178","targetHints":{"allow":["GET"]}}],"collection":[{"href":"https:\/\/chacosintesis.com.ar\/index.php\/wp-json\/wp\/v2\/posts"}],"about":[{"href":"https:\/\/chacosintesis.com.ar\/index.php\/wp-json\/wp\/v2\/types\/post"}],"author":[{"embeddable":true,"href":"https:\/\/chacosintesis.com.ar\/index.php\/wp-json\/wp\/v2\/users\/1"}],"replies":[{"embeddable":true,"href":"https:\/\/chacosintesis.com.ar\/index.php\/wp-json\/wp\/v2\/comments?post=21178"}],"version-history":[{"count":0,"href":"https:\/\/chacosintesis.com.ar\/index.php\/wp-json\/wp\/v2\/posts\/21178\/revisions"}],"wp:featuredmedia":[{"embeddable":true,"href":"https:\/\/chacosintesis.com.ar\/index.php\/wp-json\/wp\/v2\/media\/21179"}],"wp:attachment":[{"href":"https:\/\/chacosintesis.com.ar\/index.php\/wp-json\/wp\/v2\/media?parent=21178"}],"wp:term":[{"taxonomy":"category","embeddable":true,"href":"https:\/\/chacosintesis.com.ar\/index.php\/wp-json\/wp\/v2\/categories?post=21178"},{"taxonomy":"post_tag","embeddable":true,"href":"https:\/\/chacosintesis.com.ar\/index.php\/wp-json\/wp\/v2\/tags?post=21178"}],"curies":[{"name":"wp","href":"https:\/\/api.w.org\/{rel}","templated":true}]}}