{"id":21176,"date":"2023-05-04T18:14:37","date_gmt":"2023-05-04T21:14:37","guid":{"rendered":"https:\/\/chacosintesis.com.ar\/?p=21176"},"modified":"2023-05-04T18:36:37","modified_gmt":"2023-05-04T21:36:37","slug":"inicia-el-periodo-de-tachas-para-docentes-de-grado-de-escuelas-especiales","status":"publish","type":"post","link":"https:\/\/chacosintesis.com.ar\/index.php\/inicia-el-periodo-de-tachas-para-docentes-de-grado-de-escuelas-especiales\/","title":{"rendered":"Inicia el per\u00edodo de tachas para docentes de grado de escuelas especiales"},"content":{"rendered":"<p>La Junta de Clasificaci\u00f3n del Nivel Primario recuerda que el periodo de tachas para interinatos y suplencias est\u00e1 vigente desde el 2 de mayo.<br \/>\nEl Ministerio de Educaci\u00f3n de la Provincia, a trav\u00e9s de la Junta de Clasificaci\u00f3n de Nivel Primario- Regiones 1 a 10, recuerda que el inicio del Periodo de Tachas de docentes inscriptos para Interinatos y Suplencias del Per\u00edodo Extraordinario 2023 para cubrir cargos de Maestro de Grado de Escuelas de Educaci\u00f3n Especial, est\u00e1 vigente desde el 2 de mayo, por 20 d\u00edas h\u00e1biles. Desde la cartera informaron que las y los docentes inscriptos deben realizar su consulta y\/o reclamo v\u00eda e-mail, a <a href=\"mailto:jtaprimespecial@gmail.com\" >jtaprimespecial@gmail.com<\/a>, colocando sus datos personales, (DNI, apellido y nombre), constancia de inscripci\u00f3n del SIE y su inquietud. Tambi\u00e9n pueden hacerlo de manera presencial, en el horario de 8 a 12, en las oficinas de la mencionada Junta (calle Bosch 99, Resistencia).<\/p>\n","protected":false},"excerpt":{"rendered":"<p>La Junta de Clasificaci\u00f3n del Nivel Primario recuerda que el periodo de tachas para interinatos y suplencias est\u00e1 vigente desde el 2 de mayo. El Ministerio de Educaci\u00f3n de la Provincia, a trav\u00e9s de la Junta de Clasificaci\u00f3n de Nivel Primario- Regiones 1 a 10, recuerda que el inicio del Periodo de Tachas de docentes [&hellip;]<\/p>\n","protected":false},"author":1,"featured_media":21177,"comment_status":"closed","ping_status":"closed","sticky":false,"template":"","format":"standard","meta":{"footnotes":""},"categories":[6],"tags":[],"class_list":{"0":"post-21176","1":"post","2":"type-post","3":"status-publish","4":"format-standard","5":"has-post-thumbnail","7":"category-chaco"},"_links":{"self":[{"href":"https:\/\/chacosintesis.com.ar\/index.php\/wp-json\/wp\/v2\/posts\/21176","targetHints":{"allow":["GET"]}}],"collection":[{"href":"https:\/\/chacosintesis.com.ar\/index.php\/wp-json\/wp\/v2\/posts"}],"about":[{"href":"https:\/\/chacosintesis.com.ar\/index.php\/wp-json\/wp\/v2\/types\/post"}],"author":[{"embeddable":true,"href":"https:\/\/chacosintesis.com.ar\/index.php\/wp-json\/wp\/v2\/users\/1"}],"replies":[{"embeddable":true,"href":"https:\/\/chacosintesis.com.ar\/index.php\/wp-json\/wp\/v2\/comments?post=21176"}],"version-history":[{"count":0,"href":"https:\/\/chacosintesis.com.ar\/index.php\/wp-json\/wp\/v2\/posts\/21176\/revisions"}],"wp:featuredmedia":[{"embeddable":true,"href":"https:\/\/chacosintesis.com.ar\/index.php\/wp-json\/wp\/v2\/media\/21177"}],"wp:attachment":[{"href":"https:\/\/chacosintesis.com.ar\/index.php\/wp-json\/wp\/v2\/media?parent=21176"}],"wp:term":[{"taxonomy":"category","embeddable":true,"href":"https:\/\/chacosintesis.com.ar\/index.php\/wp-json\/wp\/v2\/categories?post=21176"},{"taxonomy":"post_tag","embeddable":true,"href":"https:\/\/chacosintesis.com.ar\/index.php\/wp-json\/wp\/v2\/tags?post=21176"}],"curies":[{"name":"wp","href":"https:\/\/api.w.org\/{rel}","templated":true}]}}