{"id":21170,"date":"2023-05-04T08:39:20","date_gmt":"2023-05-04T11:39:20","guid":{"rendered":"https:\/\/chacosintesis.com.ar\/?p=21170"},"modified":"2023-05-04T09:06:43","modified_gmt":"2023-05-04T12:06:43","slug":"disenan-intervencion-territorial-para-fortalecer-las-capacidades-de-prevencion-de-consumos-problematicos","status":"publish","type":"post","link":"https:\/\/chacosintesis.com.ar\/index.php\/disenan-intervencion-territorial-para-fortalecer-las-capacidades-de-prevencion-de-consumos-problematicos\/","title":{"rendered":"Dise\u00f1an intervenci\u00f3n territorial para fortalecer las capacidades de prevenci\u00f3n de consumos problem\u00e1ticos"},"content":{"rendered":"<p>En el \u00e1mbito de la Comisi\u00f3n de Emergencia de Adicciones, el gobernador y representantes de organizaciones e instituciones, avanzaron en el dise\u00f1o de un mapa de intervenci\u00f3n en los 70 municipios para identificar \u00e1reas de mayor riesgo de consumo problem\u00e1tico; y tambi\u00e9n en las inversiones necesarias para m\u00e1s centros de internaci\u00f3n y de d\u00eda.<\/p>\n<p>El gobernador Jorge Capitanich, junto a las ministras de Desarrollo Social, Mar\u00eda P\u00eda Chiacchio Cavana; de Salud P\u00fablica, Carolina Centeno, y de Seguridad, Gloria Zalazar, trabaj\u00f3 junto a la Comisi\u00f3n de Emergencia de Consumos Problem\u00e1ticos en una estrategia de sensibilizaci\u00f3n y de intervenci\u00f3n r\u00e1pida en el territorio con el involucramiento de los distintos organismos y organizaciones.<br \/>\nEste organismo estar\u00e1 encargado de realizar el seguimiento y control del Plan Integral de Prevenci\u00f3n y Abordaje de los Consumos Problem\u00e1ticos. Durante la primera reuni\u00f3n se acordaron encuentros mensuales, un mapa de intervenci\u00f3n territorial, un plan de inversiones para el desarrollo de capacidad instalada en servicios de atenci\u00f3n y un plan de inserci\u00f3n social.<br \/>\nEl encuentro se realiz\u00f3 en la tarde de este jueves y estuvieron presentes, en el Sal\u00f3n Obligado de Casa de Gobierno, la secretaria de Derechos Humanos y G\u00e9neros, Silvana P\u00e9rez; la secretaria de Municipios, Beatriz Bogado; la directora de Medios P\u00fablicos, Guillermina Capitanich; diputados y diputadas provinciales, y representantes de distintas instituciones vinculadas a la tem\u00e1tica.<\/p>\n<p> \u201cAvanzamos en un mapa de intervenci\u00f3n territorial en los 70 municipios, con la perspectiva de identificar \u00e1reas de mayor riesgo de consumo problem\u00e1tico en los 1.000 barrios con estrategias para generar condiciones de visita casa por casa y fortalecer las capacidades de prevenci\u00f3n\u201d, explic\u00f3 el mandatario.<br \/>\nEl encuentro fue propicio para dialogar sobre el dise\u00f1o de un plan de inversiones para el desarrollo de la capacidad instalada en la provincia, con m\u00e1s centros de internaci\u00f3n que tengan mayor capacidad y m\u00e1s centros de d\u00eda con una distribuci\u00f3n territorial y dentro de un plan de inversi\u00f3n plurianual.<\/p>\n<p>\u201cEs muy importante tambi\u00e9n contar con un modelo de capacitaci\u00f3n a profesionales, t\u00e9cnicos y especialistas con el objetivo de abordar esta problem\u00e1tica\u201d, dijo Capitanich.<br \/>\nAdem\u00e1s, y para finalizar, confirm\u00f3 que se trabajar\u00e1 \u201cen un plan de inserci\u00f3n social con interacci\u00f3n desde la Mesa Interreligiosa hasta las entidades culturales e instituciones deportivas para la recuperaci\u00f3n de las personas con adicciones, con el objetivo de que puedan mejorar su calidad de vida\u201d.<\/p>\n<p>Una comisi\u00f3n amplia y participativa<\/p>\n<p>La Comisi\u00f3n est\u00e1 integrada por todos los bloques legislativos, por el Poder Judicial, con representaci\u00f3n de cada circunscripci\u00f3n judicial, por el Poder Ejecutivo, y por las organizaciones de la sociedad civil, instituciones religiosas y deportivas, que formen parte del mismo, a fin de hacer un seguimiento de las pol\u00edticas y medidas que se desarrollan.<br \/>\nTambi\u00e9n participaron del encuentro, adem\u00e1s de las autoridades provinciales mencionadas, representantes del \u00d3rgano de Revisi\u00f3n de Salud Mental, del poder Legislativo, Judicial, del Instituto del Aborigen Chaque\u00f1o (IDACH), representantes de la Mesa Interreligiosa, de los municipios, de la sociedad civil, entre otros.<br \/>\nLa ministra Centeno destac\u00f3 que \u201cesto no solo se trata de un debate, sino de un plan concreto de acci\u00f3n para poder abordar la prevenci\u00f3n, la asistencia, la recuperaci\u00f3n y la rehabilitaci\u00f3n de manera interjurisdiccional de lo que son los consumos problem\u00e1ticos\u201d. En este sentido, la funcionaria remarc\u00f3 que \u201centre todos los sectores del Estado y las organizaciones sociales que intervenimos vamos a aportar un granito de arena en esta causa\u201d.<br \/>\nEn la misma l\u00ednea, la ministra Chiacchio Cavana se\u00f1al\u00f3: \u201cNosotros vamos a trabajar la prevenci\u00f3n comunitaria desde Desarrollo Social, fundamentalmente con las instituciones religiosas\u201d y en ese sentido, agradeci\u00f3 la participaci\u00f3n de la Mesa Evangelista Metropolitana y la Provincial, as\u00ed como la Mesa Interreligiosa, y su acompa\u00f1amiento al Plan de Prevenci\u00f3n de Consumos Problem\u00e1ticos.<br \/>\nCelebrando la presencia de legisladores de distintos partidos pol\u00edticos, la ministra manifest\u00f3 que \u201clo que se necesita para poder combatir las adicciones y luchar contra organizaciones narcos que se instalan en los barrios populares, es un gran consenso pol\u00edtico, econ\u00f3mico y social. Y esto incluye no solamente a todas las religiones, a todas las iglesias, sino a todas las ideolog\u00edas y a todos los partidos y bloques legislativos de la C\u00e1mara de Diputados\u201d, finaliz\u00f3.<\/p>\n","protected":false},"excerpt":{"rendered":"<p>En el \u00e1mbito de la Comisi\u00f3n de Emergencia de Adicciones, el gobernador y representantes de organizaciones e instituciones, avanzaron en el dise\u00f1o de un mapa de intervenci\u00f3n en los 70 municipios para identificar \u00e1reas de mayor riesgo de consumo problem\u00e1tico; y tambi\u00e9n en las inversiones necesarias para m\u00e1s centros de internaci\u00f3n y de d\u00eda. El [&hellip;]<\/p>\n","protected":false},"author":1,"featured_media":21171,"comment_status":"closed","ping_status":"closed","sticky":false,"template":"","format":"standard","meta":{"footnotes":""},"categories":[6],"tags":[],"class_list":{"0":"post-21170","1":"post","2":"type-post","3":"status-publish","4":"format-standard","5":"has-post-thumbnail","7":"category-chaco"},"_links":{"self":[{"href":"https:\/\/chacosintesis.com.ar\/index.php\/wp-json\/wp\/v2\/posts\/21170","targetHints":{"allow":["GET"]}}],"collection":[{"href":"https:\/\/chacosintesis.com.ar\/index.php\/wp-json\/wp\/v2\/posts"}],"about":[{"href":"https:\/\/chacosintesis.com.ar\/index.php\/wp-json\/wp\/v2\/types\/post"}],"author":[{"embeddable":true,"href":"https:\/\/chacosintesis.com.ar\/index.php\/wp-json\/wp\/v2\/users\/1"}],"replies":[{"embeddable":true,"href":"https:\/\/chacosintesis.com.ar\/index.php\/wp-json\/wp\/v2\/comments?post=21170"}],"version-history":[{"count":0,"href":"https:\/\/chacosintesis.com.ar\/index.php\/wp-json\/wp\/v2\/posts\/21170\/revisions"}],"wp:featuredmedia":[{"embeddable":true,"href":"https:\/\/chacosintesis.com.ar\/index.php\/wp-json\/wp\/v2\/media\/21171"}],"wp:attachment":[{"href":"https:\/\/chacosintesis.com.ar\/index.php\/wp-json\/wp\/v2\/media?parent=21170"}],"wp:term":[{"taxonomy":"category","embeddable":true,"href":"https:\/\/chacosintesis.com.ar\/index.php\/wp-json\/wp\/v2\/categories?post=21170"},{"taxonomy":"post_tag","embeddable":true,"href":"https:\/\/chacosintesis.com.ar\/index.php\/wp-json\/wp\/v2\/tags?post=21170"}],"curies":[{"name":"wp","href":"https:\/\/api.w.org\/{rel}","templated":true}]}}