{"id":21153,"date":"2023-05-03T15:31:23","date_gmt":"2023-05-03T18:31:23","guid":{"rendered":"https:\/\/chacosintesis.com.ar\/?p=21153"},"modified":"2023-05-03T15:36:58","modified_gmt":"2023-05-03T18:36:58","slug":"desde-utre-ctera-destacaron-que-las-y-los-docentes-percibiran-un-15-de-aumento-en-los-salarios-de-mayo","status":"publish","type":"post","link":"https:\/\/chacosintesis.com.ar\/index.php\/desde-utre-ctera-destacaron-que-las-y-los-docentes-percibiran-un-15-de-aumento-en-los-salarios-de-mayo\/","title":{"rendered":"Desde Utre Ctera destacaron que las y los docentes percibir\u00e1n &#8220;un 15% de aumento en los salarios de mayo&#8221;"},"content":{"rendered":"<p>El titular de Utre CTERA Chaco, Carlos Cuevas, realiz\u00f3 un an\u00e1lisis del sector docente y trat\u00f3 varios temas como los salarios, el boleto gratuito y el mantenimiento de las escuelas.<br \/>\nEl secretario general de Utre CTERA Chaco, Carlos Cuevas, dialog\u00f3 con Radio Provincia y realiz\u00f3 un balance del sector docente tras el anuncio del gobernador Jorge Capitanich. \u201cEstamos haciendo un comunicado como frente gremial, que m\u00e1s all\u00e1 del 5%, tenemos un incremento de un 10%, o sea, un total de un 15% con el sueldo de mayo. Un 10% corresponde al adelanto de la cl\u00e1usula gatillo y lo otro a lo pautado del acuerdo firmado a principios de a\u00f1o\u201d, expres\u00f3.<br \/>\nAnte la situaci\u00f3n de la inflaci\u00f3n y los anuncios sobre el adelanto de la cl\u00e1usula gatillo, Cuevas explic\u00f3 que la medida formaba parte de un acuerdo que se firm\u00f3 en febrero. \u201cNosotros la semana pasada estuvimos haciendo un anuncio en conferencia de prensa donde ped\u00edamos que se adelante porque la situaci\u00f3n era insostenible para los trabajadores de la educaci\u00f3n\u201d, dijo.<br \/>\nAsimismo, Cuevas explic\u00f3 que esta medida se realiza con el objetivo de que los \u201cbolsillos de los trabajadores est\u00e9n un poquito m\u00e1s holgados\u201d. Adem\u00e1s, asegur\u00f3 que estas acciones son \u201cconquista de salario\u201d que est\u00e1n realizando \u201cpaso a paso\u201d.<\/p>\n<p>Boleto gratuito: \u201cEs un salario indirecto\u201d<br \/>\nEntre otros temas, tambi\u00e9n se expres\u00f3 a favor del sistema que se efect\u00faa para que las y los docentes que se movilicen de una localidad a otra puedan tener el boleto gratuito. Dijo que \u201clos docentes van un poco m\u00e1s temprano, pero van sin usar su bolsillo y su salario para esto\u201d.<br \/>\nSiguiendo por la misma l\u00ednea, Cuevas expres\u00f3 que \u201ccomo agente del Estado encargados de la educaci\u00f3n, esto tiene que estar vigente y presente siempre\u201d. \u201cTenemos que ir mejorando y creemos que es un salario indirecto, como decimos siempre, el no contribuir con dinero, la parte de la movilidad que tiene el trabajador para llegar a su puesto\u201d, reiter\u00f3.<\/p>\n<p>Reclamos por el estado de las escuelas<br \/>\nEl secretario general de Utre CTERA Chaco tambi\u00e9n se refiri\u00f3 al estado de las escuelas y asegur\u00f3 que con la pandemia las edificaciones tuvieron severos da\u00f1os, dado que no se realiz\u00f3 el mantenimiento de las mismas. \u201cEl deterioro que tuvo las escuelas es terrible y recuperar eso lleva un tiempo\u201d, dijo. No obstante, m\u00e1s all\u00e1 del reclamo de la parte gremial, coment\u00f3 que \u201chay pocas quejas con el tema de las obras, como as\u00ed tambi\u00e9n del tema de los comedores escolares\u201d.<\/p>\n","protected":false},"excerpt":{"rendered":"<p>El titular de Utre CTERA Chaco, Carlos Cuevas, realiz\u00f3 un an\u00e1lisis del sector docente y trat\u00f3 varios temas como los salarios, el boleto gratuito y el mantenimiento de las escuelas. El secretario general de Utre CTERA Chaco, Carlos Cuevas, dialog\u00f3 con Radio Provincia y realiz\u00f3 un balance del sector docente tras el anuncio del gobernador [&hellip;]<\/p>\n","protected":false},"author":1,"featured_media":21154,"comment_status":"closed","ping_status":"closed","sticky":false,"template":"","format":"standard","meta":{"footnotes":""},"categories":[6],"tags":[],"class_list":{"0":"post-21153","1":"post","2":"type-post","3":"status-publish","4":"format-standard","5":"has-post-thumbnail","7":"category-chaco"},"_links":{"self":[{"href":"https:\/\/chacosintesis.com.ar\/index.php\/wp-json\/wp\/v2\/posts\/21153","targetHints":{"allow":["GET"]}}],"collection":[{"href":"https:\/\/chacosintesis.com.ar\/index.php\/wp-json\/wp\/v2\/posts"}],"about":[{"href":"https:\/\/chacosintesis.com.ar\/index.php\/wp-json\/wp\/v2\/types\/post"}],"author":[{"embeddable":true,"href":"https:\/\/chacosintesis.com.ar\/index.php\/wp-json\/wp\/v2\/users\/1"}],"replies":[{"embeddable":true,"href":"https:\/\/chacosintesis.com.ar\/index.php\/wp-json\/wp\/v2\/comments?post=21153"}],"version-history":[{"count":0,"href":"https:\/\/chacosintesis.com.ar\/index.php\/wp-json\/wp\/v2\/posts\/21153\/revisions"}],"wp:featuredmedia":[{"embeddable":true,"href":"https:\/\/chacosintesis.com.ar\/index.php\/wp-json\/wp\/v2\/media\/21154"}],"wp:attachment":[{"href":"https:\/\/chacosintesis.com.ar\/index.php\/wp-json\/wp\/v2\/media?parent=21153"}],"wp:term":[{"taxonomy":"category","embeddable":true,"href":"https:\/\/chacosintesis.com.ar\/index.php\/wp-json\/wp\/v2\/categories?post=21153"},{"taxonomy":"post_tag","embeddable":true,"href":"https:\/\/chacosintesis.com.ar\/index.php\/wp-json\/wp\/v2\/tags?post=21153"}],"curies":[{"name":"wp","href":"https:\/\/api.w.org\/{rel}","templated":true}]}}