{"id":21151,"date":"2023-05-03T15:29:49","date_gmt":"2023-05-03T18:29:49","guid":{"rendered":"https:\/\/chacosintesis.com.ar\/?p=21151"},"modified":"2023-05-03T15:36:57","modified_gmt":"2023-05-03T18:36:57","slug":"capitanich-la-produccion-de-mieles-es-una-fuente-extraordinaria-de-efecto-multiplicador-en-el-sistema-productivo-provincial","status":"publish","type":"post","link":"https:\/\/chacosintesis.com.ar\/index.php\/capitanich-la-produccion-de-mieles-es-una-fuente-extraordinaria-de-efecto-multiplicador-en-el-sistema-productivo-provincial\/","title":{"rendered":"Capitanich: \u201cLa producci\u00f3n de mieles es una fuente extraordinaria de efecto multiplicador en el sistema productivo provincial&#8221;"},"content":{"rendered":"<p>El gobernador del Chaco recorri\u00f3 este mi\u00e9rcoles la Planta de Mieles del Chaco en S\u00e1enz Pe\u00f1a junto al coordinador Nacional de Apicultura del Gobierno Nacional, Alexis Rodr\u00edguez y la ministra de Ambiente y Desarrollo Territorial, Marta Soneira.<br \/>\nEl gobernador Jorge Capitanich, en su recorrida por la planta de Mieles del Chaco, dijo que esa producci\u00f3n &#8220;forma parte del grupo Argen Mieles, que empez\u00f3 a trabajar a partir del a\u00f1o 2013 en nuestra provincia con el objeto de expandir la capacidad productiva en la producci\u00f3n de mieles. En este sentido la provincia del Chaco lidera en materia de miel org\u00e1nica a nivel de la Rep\u00fablica Argentina y obviamente la comercializaci\u00f3n con sabores muy reconocidos a nivel internacional con precios diferenciales&#8221;.<br \/>\nAdem\u00e1s, destac\u00f3 que hay un plan de inversi\u00f3n de 1,5 millones de d\u00f3lares para duplicar la capacidad instalada de forma progresiva. &#8220;Eso significa todo el sistema de laboratorio, pasteurizaci\u00f3n y obviamente fraccionamiento, y en ese contexto ensanchar las bases de producci\u00f3n de miel&#8221;, expres\u00f3 y detall\u00f3 que Chaco tiene cerca de 83.000 colmenas, &#8220;pretendemos seguir una estrategia de financiamiento para llegar a 150.000 colmenas en forma progresiva con financiamiento del Banco Mundial a trav\u00e9s de un programa espec\u00edfico&#8221;, indic\u00f3.<br \/>\nEl mandatario destac\u00f3 que la producci\u00f3n de mieles &#8220;es una fuente extraordinaria de efecto multiplicador en el sistema productivo provincial&#8221;.<br \/>\nEn ese marco, mencion\u00f3 la importancia del evento que se realizar\u00e1 en Chaco y sostuvo que &#8220;a partir de ma\u00f1ana, conjuntamente con el Consejo Federal de Inversiones, hacemos un congreso con la participaci\u00f3n de la expo ap\u00edcola y tenemos cerca de 2.300 productores de miel de distintas caracter\u00edsticas en la provincia y pretendemos expandir a\u00fan m\u00e1s&#8221;.<br \/>\nCapitanich manifest\u00f3 que &#8220;cuando definimos una estrategia de crecimiento para el desarrollo del Impenetrable chaque\u00f1o, lo hacemos con el vector que tiene que ver con producci\u00f3n de mieles, el tema de energ\u00eda e\u00f3lica para la producci\u00f3n, para tener un \u00e1mbito ambientalmente sostenible, tambi\u00e9n para la compensaci\u00f3n directa por la protecci\u00f3n del bosque nativo, tambi\u00e9n para el desarrollo de cucurbit\u00e1ceas asociadas a la producci\u00f3n local conjuntamente con carnes o gastronom\u00eda t\u00edpica a partir de la algarroba u otros bienes&#8221;. Adem\u00e1s destac\u00f3 el turismo rural, el turismo de aventura o el turismo de parques nacionales, que son fuentes de generaci\u00f3n de ingresos, &#8220;lo mismo que las artesan\u00edas criollas y tambi\u00e9n las artesan\u00edas originarias&#8221;.<br \/>\nEl gobernador sostuvo que &#8220;a partir de la colocaci\u00f3n de instrumentos que tienen que ver con activos financieros que permitan la protecci\u00f3n del bosque y la compensaci\u00f3n de la protecci\u00f3n del bosque nativo como una reserva de ox\u00edgeno para el planeta, naturalmente se generan fuentes de ingresos para redistribuir esos ingresos y generar mejor infraestructura, por eso invertimos en agua potable, por eso invertimos en escuelas, en hospital, en centros de salud, por eso invertimos en rutas, por eso invertimos en pavimento urbano, en centros culturales, o sea que todo eso requiere continuidad en las pol\u00edticas p\u00fablicas, pero es un gran desarrollo.&#8221;<br \/>\nPor su parte, Marta Soneira, ministra de Ambiente y Desarrollo Territorial habl\u00f3 con Radio Provincia del Chaco sobre la recorrida que se realiz\u00f3 con el gobernador Capitanich en el Parque Industrial de S\u00e1enz Pe\u00f1a.<br \/>\n&#8220;Previo al Primer Encuentro a Ap\u00edcola Federal que se va a realizar en la provincia del Chaco, en el seno del Norte Grande, con una jornada que se desarrollar\u00e1 en los d\u00edas 4 y 5 de mayo, se van a tener cinco ejes de trabajo&#8221;, coment\u00f3 Soneira y detall\u00f3 que se llevar\u00e1 a cabo un Congreso con profesionales y representantes del sector ap\u00edcola a nivel global y tambi\u00e9n de Argentina, que va a tener distintas tem\u00e1ticas. Por otro lado, se realizar\u00e1 la Expo Api con proveedores de la cadena productiva de miel de todo el pa\u00eds que van a estar presentes en el Sal\u00f3n de Convenciones&#8221;.<br \/>\nLa ministra coment\u00f3 que durante el 4 y 5 de mayo se har\u00e1 una ronda de negocios con seis operadores internacionales importadores y exportadores de miel, un operador de China, uno de Emiratos \u00c1rabes, dos de Estados Unidos, de Colombia y de Bolivia, &#8220;que han venido a este encuentro ap\u00edcola federal por inter\u00e9s, porque obviamente las mieles argentinas y sobre todo las mieles del Chaco, son caracterizadas y posicionadas a nivel global y tienen inter\u00e9s en seguir desarrollando las relaciones comerciales y consolid\u00e1ndolas&#8221;, dijo.<br \/>\nAdem\u00e1s va a sesionar el Consejo Ap\u00edcola Federal, con la presencia del coordinador Nacional de Apicultura del Gobierno Nacional, Alexis Rodr\u00edguez, quien va a estar articulando todo ese proceso, adem\u00e1s va a realizar una reuni\u00f3n de la C\u00e1mara de Fraccionadores del pa\u00eds y tambi\u00e9n de la C\u00e1mara de Exportadores. &#8220;Para nosotros que esto se d\u00e9 en el seno de este encuentro federal que lo estamos realizando junto al Consejo Federal de Inversiones y obviamente el gobierno de la provincia del Chaco, es sumamente importante porque tiene como objetivo justamente poner en valor y jerarquizar una actividad que nosotros consideramos una actividad estructural porque tiene alto impacto social, la apicultura es eso, genera divisas, genera ingresos, genera din\u00e1mica de las econom\u00edas locales y genera obviamente la posibilidad de que muchos sectores puedan integrarse al trabajo&#8221;, expres\u00f3 la funcionaria.<br \/>\nSoneira destac\u00f3 que &#8220;este es el primer encuentro que se hace a nivel nacional y nosotros pretendemos que esto vaya rotando a las distintas regiones del pa\u00eds, que sea uno de los eventos que perdure en el tiempo y que sea el espacio de generaci\u00f3n de tecnolog\u00eda, de desarrollo, de encuentro de productores, de negocios para todo el sector ap\u00edcola.&#8221;<\/p>\n","protected":false},"excerpt":{"rendered":"<p>El gobernador del Chaco recorri\u00f3 este mi\u00e9rcoles la Planta de Mieles del Chaco en S\u00e1enz Pe\u00f1a junto al coordinador Nacional de Apicultura del Gobierno Nacional, Alexis Rodr\u00edguez y la ministra de Ambiente y Desarrollo Territorial, Marta Soneira. El gobernador Jorge Capitanich, en su recorrida por la planta de Mieles del Chaco, dijo que esa producci\u00f3n [&hellip;]<\/p>\n","protected":false},"author":1,"featured_media":21152,"comment_status":"closed","ping_status":"closed","sticky":false,"template":"","format":"standard","meta":{"footnotes":""},"categories":[6],"tags":[],"class_list":{"0":"post-21151","1":"post","2":"type-post","3":"status-publish","4":"format-standard","5":"has-post-thumbnail","7":"category-chaco"},"_links":{"self":[{"href":"https:\/\/chacosintesis.com.ar\/index.php\/wp-json\/wp\/v2\/posts\/21151","targetHints":{"allow":["GET"]}}],"collection":[{"href":"https:\/\/chacosintesis.com.ar\/index.php\/wp-json\/wp\/v2\/posts"}],"about":[{"href":"https:\/\/chacosintesis.com.ar\/index.php\/wp-json\/wp\/v2\/types\/post"}],"author":[{"embeddable":true,"href":"https:\/\/chacosintesis.com.ar\/index.php\/wp-json\/wp\/v2\/users\/1"}],"replies":[{"embeddable":true,"href":"https:\/\/chacosintesis.com.ar\/index.php\/wp-json\/wp\/v2\/comments?post=21151"}],"version-history":[{"count":0,"href":"https:\/\/chacosintesis.com.ar\/index.php\/wp-json\/wp\/v2\/posts\/21151\/revisions"}],"wp:featuredmedia":[{"embeddable":true,"href":"https:\/\/chacosintesis.com.ar\/index.php\/wp-json\/wp\/v2\/media\/21152"}],"wp:attachment":[{"href":"https:\/\/chacosintesis.com.ar\/index.php\/wp-json\/wp\/v2\/media?parent=21151"}],"wp:term":[{"taxonomy":"category","embeddable":true,"href":"https:\/\/chacosintesis.com.ar\/index.php\/wp-json\/wp\/v2\/categories?post=21151"},{"taxonomy":"post_tag","embeddable":true,"href":"https:\/\/chacosintesis.com.ar\/index.php\/wp-json\/wp\/v2\/tags?post=21151"}],"curies":[{"name":"wp","href":"https:\/\/api.w.org\/{rel}","templated":true}]}}