{"id":21149,"date":"2023-05-03T15:28:28","date_gmt":"2023-05-03T18:28:28","guid":{"rendered":"https:\/\/chacosintesis.com.ar\/?p=21149"},"modified":"2023-05-03T15:36:57","modified_gmt":"2023-05-03T18:36:57","slug":"detuvieron-a-tres-personas-que-generaron-disturbios-frente-a-casa-de-gobierno","status":"publish","type":"post","link":"https:\/\/chacosintesis.com.ar\/index.php\/detuvieron-a-tres-personas-que-generaron-disturbios-frente-a-casa-de-gobierno\/","title":{"rendered":"Detuvieron a tres personas que generaron disturbios frente a Casa de Gobierno"},"content":{"rendered":"<p>Un grupo de manifestantes, algunos a caballo, arremeti\u00f3 contra el personal policial que lleva adelante tareas de custodia en Casa de Gobierno. Tres personas resultaron detenidas y varios caballos secuestrados.<br \/>\nLa Polic\u00eda del Chaco intervino, en la ma\u00f1ana de este mi\u00e9rcoles frente a Casa de Gobierno, para contener y desarticular una situaci\u00f3n de disturbio ocasionada por manifestantes, entre los cuales algunos se encontraban a caballo. Seg\u00fan el informe, estas personas se presentaron de manera intempestiva sobre la vereda de Casa de Gobierno resisti\u00e9ndose, de forma violenta, a la intimaci\u00f3n de la autoridad policial a que se retiraran y desocuparan la vereda. &#8220;Por ello se procedi\u00f3 a realizar un operativo de desalojo, en cumplimiento con los protocolos vigentes en cortes de calle y rutas&#8221;, indicaron desde el Gobierno. Tres personas fueron detenidas por resistencia a la autoridad y causar disturbios que pusieron en riesgo al resto de las y los ciudadanos que circulaban por la vereda y calle. Tambi\u00e9n se secuestraron los caballos en los que se movilizaban los manifestantes. El Ministerio de Seguridad y Justicia aclara que &#8220;el derecho a la protesta, que est\u00e1 garantizado por el gobierno provincial, de ninguna manera puede significar la tolerancia a actitudes violentas que pongan en riesgo la integridad f\u00edsica de la ciudadan\u00eda, agentes de la Polic\u00eda del Chaco, autoridades provinciales y animales&#8221;. Se recuerda que se encuentran a disposici\u00f3n de las y los ciudadanos los mecanismos de mediaci\u00f3n ante situaciones de conflicto para atender las demandas de todos los chaque\u00f1os y las chaque\u00f1as.<\/p>\n","protected":false},"excerpt":{"rendered":"<p>Un grupo de manifestantes, algunos a caballo, arremeti\u00f3 contra el personal policial que lleva adelante tareas de custodia en Casa de Gobierno. Tres personas resultaron detenidas y varios caballos secuestrados. La Polic\u00eda del Chaco intervino, en la ma\u00f1ana de este mi\u00e9rcoles frente a Casa de Gobierno, para contener y desarticular una situaci\u00f3n de disturbio ocasionada [&hellip;]<\/p>\n","protected":false},"author":1,"featured_media":21150,"comment_status":"closed","ping_status":"closed","sticky":false,"template":"","format":"standard","meta":{"footnotes":""},"categories":[6],"tags":[],"class_list":{"0":"post-21149","1":"post","2":"type-post","3":"status-publish","4":"format-standard","5":"has-post-thumbnail","7":"category-chaco"},"_links":{"self":[{"href":"https:\/\/chacosintesis.com.ar\/index.php\/wp-json\/wp\/v2\/posts\/21149","targetHints":{"allow":["GET"]}}],"collection":[{"href":"https:\/\/chacosintesis.com.ar\/index.php\/wp-json\/wp\/v2\/posts"}],"about":[{"href":"https:\/\/chacosintesis.com.ar\/index.php\/wp-json\/wp\/v2\/types\/post"}],"author":[{"embeddable":true,"href":"https:\/\/chacosintesis.com.ar\/index.php\/wp-json\/wp\/v2\/users\/1"}],"replies":[{"embeddable":true,"href":"https:\/\/chacosintesis.com.ar\/index.php\/wp-json\/wp\/v2\/comments?post=21149"}],"version-history":[{"count":0,"href":"https:\/\/chacosintesis.com.ar\/index.php\/wp-json\/wp\/v2\/posts\/21149\/revisions"}],"wp:featuredmedia":[{"embeddable":true,"href":"https:\/\/chacosintesis.com.ar\/index.php\/wp-json\/wp\/v2\/media\/21150"}],"wp:attachment":[{"href":"https:\/\/chacosintesis.com.ar\/index.php\/wp-json\/wp\/v2\/media?parent=21149"}],"wp:term":[{"taxonomy":"category","embeddable":true,"href":"https:\/\/chacosintesis.com.ar\/index.php\/wp-json\/wp\/v2\/categories?post=21149"},{"taxonomy":"post_tag","embeddable":true,"href":"https:\/\/chacosintesis.com.ar\/index.php\/wp-json\/wp\/v2\/tags?post=21149"}],"curies":[{"name":"wp","href":"https:\/\/api.w.org\/{rel}","templated":true}]}}