{"id":21139,"date":"2023-05-03T15:08:27","date_gmt":"2023-05-03T18:08:27","guid":{"rendered":"https:\/\/chacosintesis.com.ar\/?p=21139"},"modified":"2023-05-03T15:36:51","modified_gmt":"2023-05-03T18:36:51","slug":"capitanich-inauguro-la-refaccion-integral-de-la-escuela-de-educacion-primaria-no-453-en-saenz-pena","status":"publish","type":"post","link":"https:\/\/chacosintesis.com.ar\/index.php\/capitanich-inauguro-la-refaccion-integral-de-la-escuela-de-educacion-primaria-no-453-en-saenz-pena\/","title":{"rendered":"Capitanich inaugur\u00f3 la refacci\u00f3n integral de la Escuela de Educaci\u00f3n Primaria N\u00ba 453 en S\u00e1enz Pe\u00f1a"},"content":{"rendered":"<p>Se inauguraron las obras de refacci\u00f3n integral de la Escuela de Educaci\u00f3n Primaria N\u00ba 453 ubicada en el Barrio Puerta del Sol de la ciudad de Presidencia Roque S\u00e1enz Pe\u00f1a. El gobernador ratific\u00f3 el compromiso de seguir trabajando para que los alumnos y alumnas puedan estudiar en \u201caulas limpias y c\u00f3modas\u201d.<br \/>\nEl gobernador Jorge Capitanich inaugur\u00f3 este mi\u00e9rcoles las obras de refacci\u00f3n integral de la Escuela de Educaci\u00f3n Primaria N\u00ba 453 ubicada en el Barrio Puerta del Sol de la ciudad de Presidencia Roque S\u00e1enz Pe\u00f1a. Durante el acto el gobernador destac\u00f3 la importancia de la educaci\u00f3n como herramienta de progreso, movilidad social ascendente y construcci\u00f3n de valores.<br \/>\nCapitanich destac\u00f3 el incremento de la inversi\u00f3n en infraestructura para brindar mejores condiciones y garant\u00edas para que los alumnos y alumnas puedan estudiar en \u201caulas limpias y c\u00f3modas\u201d. La EEP N\u00ba 453 tiene una matr\u00edcula de 788 alumnos, cubriendo el servicio educativo con jornada extendida no solo para el barrio Puerta del Sol en la cual est\u00e1 ubicada sino tambi\u00e9n varios barrios adyacentes.<br \/>\n\u201cEstudiar no es solamente aprender en el sentido de los conocimientos espec\u00edficos de determinados tipos de materias, sino tambi\u00e9n construir valores que sirven para toda la vida\u201d, dijo el gobernador.<br \/>\nAcompa\u00f1aron al gobernador el ministro de Educaci\u00f3n, Aldo Lineras; el ministro de Planificaci\u00f3n, Econom\u00eda e Infraestructura, Santiago P\u00e9rez Pons; la directora de la EEP N\u00ba 453 Nancy Bermudez y toda la comunidad educativa (maestros, maestras, ni\u00f1os y ni\u00f1as)<\/p>\n<p>Capitanich asegur\u00f3 que la educaci\u00f3n debe promover siempre la cohesi\u00f3n social, garantizando la igualdad de oportunidades y la identidad nacional, con valores que hacen a la construcci\u00f3n de patria, una provincia y ciudad con inclusi\u00f3n, solidaridad e  igualdad de oportunidades.<br \/>\n\u201cEs necesario hacer todo un esfuerzo en materia de infraestructura, para que nuestros ni\u00f1as y ni\u00f1os tengan aulas limpias y c\u00f3modas, mobiliario, \u00fatiles escolares y  material did\u00e1ctico, para que puedan aprender de manera \u00f3ptima\u201d, dijo el gobernador.<\/p>\n<p>Detalles de la obra<\/p>\n<p>La refacci\u00f3n integral del edificio educativo, ubicado en las calles Italia y Venezuela del Barrio Puerta del Sol, demand\u00f3 una inversi\u00f3n oficial de  145.687.922 pesos. El objetivo de las obras apuntan a potenciar el desarrollo de actividades del recinto educativo y su entorno, fortaleciendo y revalorizando las \u00e1reas de aprendizaje.<br \/>\nSe complet\u00f3 la refacci\u00f3n del SUM, se cambiaron las cubiertas, techos y el cielo raso. Tambi\u00e9n se intervinieron las aulas, el sector de sanitarios, las \u00e1reas de direcci\u00f3n y el frente del edificio.<br \/>\nEl ministro de Educaci\u00f3n, Aldo Lineras coment\u00f3 que el viernes pasado esta escuela recibi\u00f3 libros de lengua y matem\u00e1tica  que fueron distribuidos a los alumnos y alumnas que cursan de primero a s\u00e9ptimo a\u00f1o.<br \/>\nDe esta forma el Estado provincial reafirma su compromiso de optimizar las condiciones de los edificios escolares, que son las bases del futuro educativo de la provincia.<\/p>\n","protected":false},"excerpt":{"rendered":"<p>Se inauguraron las obras de refacci\u00f3n integral de la Escuela de Educaci\u00f3n Primaria N\u00ba 453 ubicada en el Barrio Puerta del Sol de la ciudad de Presidencia Roque S\u00e1enz Pe\u00f1a. El gobernador ratific\u00f3 el compromiso de seguir trabajando para que los alumnos y alumnas puedan estudiar en \u201caulas limpias y c\u00f3modas\u201d. El gobernador Jorge Capitanich [&hellip;]<\/p>\n","protected":false},"author":1,"featured_media":21140,"comment_status":"closed","ping_status":"closed","sticky":false,"template":"","format":"standard","meta":{"footnotes":""},"categories":[6],"tags":[],"class_list":{"0":"post-21139","1":"post","2":"type-post","3":"status-publish","4":"format-standard","5":"has-post-thumbnail","7":"category-chaco"},"_links":{"self":[{"href":"https:\/\/chacosintesis.com.ar\/index.php\/wp-json\/wp\/v2\/posts\/21139","targetHints":{"allow":["GET"]}}],"collection":[{"href":"https:\/\/chacosintesis.com.ar\/index.php\/wp-json\/wp\/v2\/posts"}],"about":[{"href":"https:\/\/chacosintesis.com.ar\/index.php\/wp-json\/wp\/v2\/types\/post"}],"author":[{"embeddable":true,"href":"https:\/\/chacosintesis.com.ar\/index.php\/wp-json\/wp\/v2\/users\/1"}],"replies":[{"embeddable":true,"href":"https:\/\/chacosintesis.com.ar\/index.php\/wp-json\/wp\/v2\/comments?post=21139"}],"version-history":[{"count":0,"href":"https:\/\/chacosintesis.com.ar\/index.php\/wp-json\/wp\/v2\/posts\/21139\/revisions"}],"wp:featuredmedia":[{"embeddable":true,"href":"https:\/\/chacosintesis.com.ar\/index.php\/wp-json\/wp\/v2\/media\/21140"}],"wp:attachment":[{"href":"https:\/\/chacosintesis.com.ar\/index.php\/wp-json\/wp\/v2\/media?parent=21139"}],"wp:term":[{"taxonomy":"category","embeddable":true,"href":"https:\/\/chacosintesis.com.ar\/index.php\/wp-json\/wp\/v2\/categories?post=21139"},{"taxonomy":"post_tag","embeddable":true,"href":"https:\/\/chacosintesis.com.ar\/index.php\/wp-json\/wp\/v2\/tags?post=21139"}],"curies":[{"name":"wp","href":"https:\/\/api.w.org\/{rel}","templated":true}]}}