{"id":21137,"date":"2023-05-03T15:00:51","date_gmt":"2023-05-03T18:00:51","guid":{"rendered":"https:\/\/chacosintesis.com.ar\/?p=21137"},"modified":"2023-05-03T15:06:59","modified_gmt":"2023-05-03T18:06:59","slug":"el-segundo-acueducto-se-conecto-a-avia-terai","status":"publish","type":"post","link":"https:\/\/chacosintesis.com.ar\/index.php\/el-segundo-acueducto-se-conecto-a-avia-terai\/","title":{"rendered":"El segundo acueducto se conect\u00f3 a Av\u00eda Terai"},"content":{"rendered":"<p>Autoridades de Sameep constataron el avance de la obra del Sistema de Agua Potable de Avia Terai que fue conectada al Segundo Acueducto y est\u00e1 pr\u00f3xima a ser inaugurada.<br \/>\nActualmente se realizan las pruebas hidr\u00e1ulicas para verificar el funcionamiento previo a la inauguraci\u00f3n. La obra ampl\u00eda en un 400 por ciento la red existente que garantizar\u00e1 agua potable a m\u00e1s de 1.800 vecinas y vecinos.<br \/>\nAutoridades de Sameep constataron el avance de la obra del Sistema de Agua Potable de Avia Terai que fue conectada al Segundo Acueducto y est\u00e1 pr\u00f3xima a ser inaugurada.<br \/>\nActualmente se realizan las pruebas hidr\u00e1ulicas, llenando las ca\u00f1er\u00edas para verificar el funcionamiento del sistema en pos llegar con un \u00f3ptimo servicio a cada domicilio.<br \/>\nLa semana pasada se inici\u00f3 la carga de la cisterna de Avia Terai con agua potable que llega desde el r\u00edo Paran\u00e1, despu\u00e9s de los m\u00e1s de 101 a\u00f1os de antig\u00fcedad de la localidad.<br \/>\nEl trabajo realizado culmina con una ampliaci\u00f3n del 400 por ciento de la red existente, concluyendo una obra trascendental, que garantizar\u00e1 el agua segura a m\u00e1s de 1.800 vecinos y vecinas.<br \/>\n\u201cEs un hecho hist\u00f3rico, el interior de la provincia est\u00e1 uni\u00e9ndose a trav\u00e9s del Segundo Acueducto a las distintas localidades. As\u00ed como llegamos a Charata y Las Bre\u00f1as, pronto vamos a estar terminando las redes domiciliarias en Pinedo, Hermoso Campo, It\u00edn, Capdevilla y Corzuela para finalmente conectarse al Segundo Acueducto\u201d, indic\u00f3 la vocal de Sameep Liliana Spoljaric.<br \/>\nEl segundo acueducto es la obra hidr\u00e1ulica m\u00e1s grande de Latinoam\u00e9rica, que con 512 kil\u00f3metros de ca\u00f1er\u00eda, transportar\u00e1 agua tratada desde el r\u00edo Paran\u00e1 hacia 26 localidades del interior de la provincia y garantizar\u00e1 la provisi\u00f3n de agua potable a m\u00e1s de 500.000 personas. Chaco aporta as\u00ed a la agenda internacional 2030 con el Objetivo de Desarrollo Sostenible N\u00b06: Agua limpia y saneamiento, que habla de \u201cgarantizar la disponibilidad del agua y su gesti\u00f3n sostenible y saneamiento para todos\u201d.<br \/>\n\u201cPese a la emergencia h\u00eddrica por sequ\u00eda que viene afectando a la Provincia en forma sostenida durante los \u00faltimos tres a\u00f1os, se pone en evidencia la magnitud y la importancia de la obra del Segundo Acueducto, sin la cual el Centro y Sudoeste de la provincia se encontrar\u00eda gravemente afectadas\u201d, concluy\u00f3 Spoljaric.<\/p>\n<p>Trabajo casa por casa<br \/>\nActualmente, se trabaja de manera integrada con el Municipio local para la \u00f3ptima operaci\u00f3n de todo el sistema hidr\u00e1ulico y administrativo. A trav\u00e9s del programa Casa x Casa se comenz\u00f3 a realizar tareas de relevamiento, entregando folletos e informando c\u00f3mo realizar el cuidado del recurso que llegar\u00e1 a la poblaci\u00f3n de Avia Terai, que compone la 5ta localidad conectada a la ca\u00f1er\u00eda troncal del Segundo Acueducto.<\/p>\n","protected":false},"excerpt":{"rendered":"<p>Autoridades de Sameep constataron el avance de la obra del Sistema de Agua Potable de Avia Terai que fue conectada al Segundo Acueducto y est\u00e1 pr\u00f3xima a ser inaugurada. Actualmente se realizan las pruebas hidr\u00e1ulicas para verificar el funcionamiento previo a la inauguraci\u00f3n. La obra ampl\u00eda en un 400 por ciento la red existente que [&hellip;]<\/p>\n","protected":false},"author":1,"featured_media":21138,"comment_status":"closed","ping_status":"closed","sticky":false,"template":"","format":"standard","meta":{"footnotes":""},"categories":[6],"tags":[],"class_list":{"0":"post-21137","1":"post","2":"type-post","3":"status-publish","4":"format-standard","5":"has-post-thumbnail","7":"category-chaco"},"_links":{"self":[{"href":"https:\/\/chacosintesis.com.ar\/index.php\/wp-json\/wp\/v2\/posts\/21137","targetHints":{"allow":["GET"]}}],"collection":[{"href":"https:\/\/chacosintesis.com.ar\/index.php\/wp-json\/wp\/v2\/posts"}],"about":[{"href":"https:\/\/chacosintesis.com.ar\/index.php\/wp-json\/wp\/v2\/types\/post"}],"author":[{"embeddable":true,"href":"https:\/\/chacosintesis.com.ar\/index.php\/wp-json\/wp\/v2\/users\/1"}],"replies":[{"embeddable":true,"href":"https:\/\/chacosintesis.com.ar\/index.php\/wp-json\/wp\/v2\/comments?post=21137"}],"version-history":[{"count":0,"href":"https:\/\/chacosintesis.com.ar\/index.php\/wp-json\/wp\/v2\/posts\/21137\/revisions"}],"wp:featuredmedia":[{"embeddable":true,"href":"https:\/\/chacosintesis.com.ar\/index.php\/wp-json\/wp\/v2\/media\/21138"}],"wp:attachment":[{"href":"https:\/\/chacosintesis.com.ar\/index.php\/wp-json\/wp\/v2\/media?parent=21137"}],"wp:term":[{"taxonomy":"category","embeddable":true,"href":"https:\/\/chacosintesis.com.ar\/index.php\/wp-json\/wp\/v2\/categories?post=21137"},{"taxonomy":"post_tag","embeddable":true,"href":"https:\/\/chacosintesis.com.ar\/index.php\/wp-json\/wp\/v2\/tags?post=21137"}],"curies":[{"name":"wp","href":"https:\/\/api.w.org\/{rel}","templated":true}]}}