{"id":21135,"date":"2023-05-03T13:35:08","date_gmt":"2023-05-03T16:35:08","guid":{"rendered":"https:\/\/chacosintesis.com.ar\/?p=21135"},"modified":"2023-05-03T13:36:38","modified_gmt":"2023-05-03T16:36:38","slug":"capitanich-anuncio-que-la-clausula-gatillo-se-adelanta-al-sueldo-de-mayo-para-docentes","status":"publish","type":"post","link":"https:\/\/chacosintesis.com.ar\/index.php\/capitanich-anuncio-que-la-clausula-gatillo-se-adelanta-al-sueldo-de-mayo-para-docentes\/","title":{"rendered":"Capitanich anunci\u00f3 que la cl\u00e1usula gatillo se adelanta al sueldo de mayo para docentes"},"content":{"rendered":"<p>El gobernador asegur\u00f3 que el sueldo docente recibir\u00e1 incrementos en mayo, junio y julio. Esto confirma el compromiso de ubicar los salarios por encima de la inflaci\u00f3n.<\/p>\n<p>Esta ma\u00f1ana en el Sal\u00f3n Obligado de Casa de Gobierno, el gobernador Jorge Capitanich anunci\u00f3 que se adelanta a la liquidaci\u00f3n del mes de mayo parte de la cl\u00e1usula gatillo, prevista para el segundo semestre. Tambi\u00e9n mencion\u00f3 la estrategia que incluye incrementos en junio y julio para que el salario de los trabajadores de la educaci\u00f3n le gane a la inflaci\u00f3n. \u201cNosotros nos comprometimos a ubicar los salarios docentes un 10% por encima de la inflaci\u00f3n\u201d, remarc\u00f3 Capitanich en relaci\u00f3n a los compromisos asumidos en la mesa paritaria 2023.<br \/>\nJunto a la vicegobernadora, Anal\u00eda Rach Quiroga; y los ministros de Planificaci\u00f3n, Santiago P\u00e9rez Pons y de Educaci\u00f3n, Aldo Lineras, el mandatario chaque\u00f1o di\u00f3 a conocer la estrategia de recomposici\u00f3n salarial que se aplica al sector educativo:<br \/>\n&#8211; Primero, 10% de incremento en mayo, con el adelantamiento de la cl\u00e1usula gatillo, en la liquidaci\u00f3n de mayo,<br \/>\n&#8211; Segundo, 5% de incremento en junio, que era lo pactado en la paritaria 2023.<br \/>\n&#8211; Tercero, el aguinaldo correspondiente m\u00e1s el saldo correspondiente de la cl\u00e1usula gatillo para el mes de julio.<br \/>\n\u201cEsto permite que los trabajadores docentes tengan incrementos durante los meses de mayo, junio y julio, garantizando que sus sueldos est\u00e9n por encima de la inflaci\u00f3n\u201d, remarc\u00f3 Capitanich.<br \/>\nEn este contexto, un docente con jornada extendida, sin antig\u00fcedad, a mayo de 2023 perciba un salario de $152.800; un docente de jornada de extendida con 10 a\u00f1os de antig\u00fcedad se ubique en los $185.600; con 20 a\u00f1os llegue a los $218.600.  Para los docentes que trabajan sin jornada extendida los sueldos desde mayo ser\u00e1n: sin antig\u00fcedad $132.700; con 10 a\u00f1os de antig\u00fcedad, $155.100 y con 20 a\u00f1os unos $177.600.<br \/>\n\u201cSi uno mira el hist\u00f3rico de salarios docentes de los \u00faltimos 40 a\u00f1os, puede ver que ya recuperamos la ca\u00edda que sufrieron los haberes en el periodo 2015-2019 y en los \u00faltimos tres a\u00f1os estamos trabajando para obtener una marcada recuperaci\u00f3n del poder adquisitivo de los docentes, sabiendo que es insuficiente y que es necesario seguir haciendo m\u00e1s esfuerzos para lograr recuperar el salario\u201d, explic\u00f3 Capitanich.<br \/>\nEl primer mandatario chaque\u00f1o record\u00f3 que \u201cestamos garantizando el derecho a la educaci\u00f3n para tener escuelas y aulas abiertas, con los trabajadores docentes ense\u00f1ando y la infancia y adolescencia aprendiendo\u201d.<\/p>\n","protected":false},"excerpt":{"rendered":"<p>El gobernador asegur\u00f3 que el sueldo docente recibir\u00e1 incrementos en mayo, junio y julio. Esto confirma el compromiso de ubicar los salarios por encima de la inflaci\u00f3n. Esta ma\u00f1ana en el Sal\u00f3n Obligado de Casa de Gobierno, el gobernador Jorge Capitanich anunci\u00f3 que se adelanta a la liquidaci\u00f3n del mes de mayo parte de la [&hellip;]<\/p>\n","protected":false},"author":1,"featured_media":21136,"comment_status":"closed","ping_status":"closed","sticky":false,"template":"","format":"standard","meta":{"footnotes":""},"categories":[6],"tags":[],"class_list":{"0":"post-21135","1":"post","2":"type-post","3":"status-publish","4":"format-standard","5":"has-post-thumbnail","7":"category-chaco"},"_links":{"self":[{"href":"https:\/\/chacosintesis.com.ar\/index.php\/wp-json\/wp\/v2\/posts\/21135","targetHints":{"allow":["GET"]}}],"collection":[{"href":"https:\/\/chacosintesis.com.ar\/index.php\/wp-json\/wp\/v2\/posts"}],"about":[{"href":"https:\/\/chacosintesis.com.ar\/index.php\/wp-json\/wp\/v2\/types\/post"}],"author":[{"embeddable":true,"href":"https:\/\/chacosintesis.com.ar\/index.php\/wp-json\/wp\/v2\/users\/1"}],"replies":[{"embeddable":true,"href":"https:\/\/chacosintesis.com.ar\/index.php\/wp-json\/wp\/v2\/comments?post=21135"}],"version-history":[{"count":0,"href":"https:\/\/chacosintesis.com.ar\/index.php\/wp-json\/wp\/v2\/posts\/21135\/revisions"}],"wp:featuredmedia":[{"embeddable":true,"href":"https:\/\/chacosintesis.com.ar\/index.php\/wp-json\/wp\/v2\/media\/21136"}],"wp:attachment":[{"href":"https:\/\/chacosintesis.com.ar\/index.php\/wp-json\/wp\/v2\/media?parent=21135"}],"wp:term":[{"taxonomy":"category","embeddable":true,"href":"https:\/\/chacosintesis.com.ar\/index.php\/wp-json\/wp\/v2\/categories?post=21135"},{"taxonomy":"post_tag","embeddable":true,"href":"https:\/\/chacosintesis.com.ar\/index.php\/wp-json\/wp\/v2\/tags?post=21135"}],"curies":[{"name":"wp","href":"https:\/\/api.w.org\/{rel}","templated":true}]}}