{"id":21075,"date":"2023-05-02T20:53:11","date_gmt":"2023-05-02T23:53:11","guid":{"rendered":"https:\/\/chacosintesis.com.ar\/?p=21075"},"modified":"2023-05-02T21:06:44","modified_gmt":"2023-05-03T00:06:44","slug":"corzuela-detuvieron-a-un-hombre-por-herir-a-otro-en-el-barrio-eulogio-escalada","status":"publish","type":"post","link":"https:\/\/chacosintesis.com.ar\/index.php\/corzuela-detuvieron-a-un-hombre-por-herir-a-otro-en-el-barrio-eulogio-escalada\/","title":{"rendered":"Corzuela: detuvieron a un hombre por herir a otro en el barrio Eulogio Escalada"},"content":{"rendered":"<p>Se trata de un joven de 22 a\u00f1os. \u00c9ste lesion\u00f3 a un hombre de 28 a\u00f1os con un arma blanca en la mano.<br \/>\nAlrededor de las 21:50, Agentes de la Comisaria Corzuela fueron alertados por varios vecinos del barrio Eugenio Escalada que se estaba produciendo un desorden. Se dirigieron al lugar y al llegar, tomaron conocimiento que un hombre result\u00f3 lesionado en la zona del abdomen y fue trasladado al nosocomio local.<br \/>\nAnte esta situaci\u00f3n se entrevistaron con el lesionado de 28 a\u00f1os en el hospital,  denunciando a un joven de 22 a\u00f1os  autor de su lesi\u00f3n, brindando su caracter\u00edstica. R\u00e1pidamente patrullaron la zona, logrando demorar al agresor con un machete en su poder.<br \/>\nConsultado con la Fiscalia en turno dispuso, que el joven sea notificado de su aprehensi\u00f3n en causa \u201cSupuesta Lesiones con Arma Blanca\u201d.<\/p>\n","protected":false},"excerpt":{"rendered":"<p>Se trata de un joven de 22 a\u00f1os. \u00c9ste lesion\u00f3 a un hombre de 28 a\u00f1os con un arma blanca en la mano. Alrededor de las 21:50, Agentes de la Comisaria Corzuela fueron alertados por varios vecinos del barrio Eugenio Escalada que se estaba produciendo un desorden. Se dirigieron al lugar y al llegar, tomaron [&hellip;]<\/p>\n","protected":false},"author":1,"featured_media":21076,"comment_status":"closed","ping_status":"closed","sticky":false,"template":"","format":"standard","meta":{"footnotes":""},"categories":[6],"tags":[],"class_list":{"0":"post-21075","1":"post","2":"type-post","3":"status-publish","4":"format-standard","5":"has-post-thumbnail","7":"category-chaco"},"_links":{"self":[{"href":"https:\/\/chacosintesis.com.ar\/index.php\/wp-json\/wp\/v2\/posts\/21075","targetHints":{"allow":["GET"]}}],"collection":[{"href":"https:\/\/chacosintesis.com.ar\/index.php\/wp-json\/wp\/v2\/posts"}],"about":[{"href":"https:\/\/chacosintesis.com.ar\/index.php\/wp-json\/wp\/v2\/types\/post"}],"author":[{"embeddable":true,"href":"https:\/\/chacosintesis.com.ar\/index.php\/wp-json\/wp\/v2\/users\/1"}],"replies":[{"embeddable":true,"href":"https:\/\/chacosintesis.com.ar\/index.php\/wp-json\/wp\/v2\/comments?post=21075"}],"version-history":[{"count":0,"href":"https:\/\/chacosintesis.com.ar\/index.php\/wp-json\/wp\/v2\/posts\/21075\/revisions"}],"wp:featuredmedia":[{"embeddable":true,"href":"https:\/\/chacosintesis.com.ar\/index.php\/wp-json\/wp\/v2\/media\/21076"}],"wp:attachment":[{"href":"https:\/\/chacosintesis.com.ar\/index.php\/wp-json\/wp\/v2\/media?parent=21075"}],"wp:term":[{"taxonomy":"category","embeddable":true,"href":"https:\/\/chacosintesis.com.ar\/index.php\/wp-json\/wp\/v2\/categories?post=21075"},{"taxonomy":"post_tag","embeddable":true,"href":"https:\/\/chacosintesis.com.ar\/index.php\/wp-json\/wp\/v2\/tags?post=21075"}],"curies":[{"name":"wp","href":"https:\/\/api.w.org\/{rel}","templated":true}]}}