{"id":21071,"date":"2023-05-02T20:46:32","date_gmt":"2023-05-02T23:46:32","guid":{"rendered":"https:\/\/chacosintesis.com.ar\/?p=21071"},"modified":"2023-05-02T21:06:43","modified_gmt":"2023-05-03T00:06:43","slug":"villa-angela-lo-detuvieron-por-el-robo-en-un-taller-tenia-13-pedidos-de-captura","status":"publish","type":"post","link":"https:\/\/chacosintesis.com.ar\/index.php\/villa-angela-lo-detuvieron-por-el-robo-en-un-taller-tenia-13-pedidos-de-captura\/","title":{"rendered":"Villa \u00c1ngela: Lo detuvieron por el robo en un taller, tenia 13 pedidos de captura"},"content":{"rendered":"<p>Intervino la Divisi\u00f3n 911, lo demor\u00f3 en el momento en que escond\u00eda los bienes en una regi\u00f3n boscosa. Fue puesto a disposici\u00f3n de la justicia.<br \/>\nAyer alrededor de las 11 fueron alertados sobre un robo en un taller, los efectivos acudieron al lugar para entrevistarse con el damnificado.<br \/>\nAll\u00ed un hombre de 76 a\u00f1os inform\u00f3 que personas extra\u00f1as forzaron la puerta de ingreso y se llevaron amoladoras, llaves y varias herramientas.<br \/>\nLos efectivos emprendieron recorridas investigativas por cercan\u00edas y mediante entrevistas con varias personas pudieron conocer que un sujeto intentaba esconder lo sustra\u00eddo en el barrio 56 viviendas.<br \/>\nTras patrullajes por la zona, lograron la demora de un joven 24 a\u00f1os que intentaba esconder los bienes sustra\u00eddos en el monte, fue conducido a la dependencia policial.<br \/>\nFinalmente, el denunciante recuper\u00f3 sus herramientas, mientras que el conducido fue notificado de su detenci\u00f3n.<\/p>\n<p>Capturas<br \/>\nLos efectivos realizaron una averiguaci\u00f3n de sus antecedentes, y descubrieron que pose\u00eda causas judiciales pendientes.<br \/>\nEn total eran 13 pedidos de captura por diferentes il\u00edcitos: Ocho causas por Supuesto Hurto, Dos por Supuesto Hurto con Escalamiento Y uno por Supuesto Robo.<br \/>\nFue notificado de su situaci\u00f3n legal y alojado en la Comisar\u00eda Primera.<\/p>\n","protected":false},"excerpt":{"rendered":"<p>Intervino la Divisi\u00f3n 911, lo demor\u00f3 en el momento en que escond\u00eda los bienes en una regi\u00f3n boscosa. Fue puesto a disposici\u00f3n de la justicia. Ayer alrededor de las 11 fueron alertados sobre un robo en un taller, los efectivos acudieron al lugar para entrevistarse con el damnificado. All\u00ed un hombre de 76 a\u00f1os inform\u00f3 [&hellip;]<\/p>\n","protected":false},"author":1,"featured_media":21072,"comment_status":"closed","ping_status":"closed","sticky":false,"template":"","format":"standard","meta":{"footnotes":""},"categories":[6],"tags":[],"class_list":{"0":"post-21071","1":"post","2":"type-post","3":"status-publish","4":"format-standard","5":"has-post-thumbnail","7":"category-chaco"},"_links":{"self":[{"href":"https:\/\/chacosintesis.com.ar\/index.php\/wp-json\/wp\/v2\/posts\/21071","targetHints":{"allow":["GET"]}}],"collection":[{"href":"https:\/\/chacosintesis.com.ar\/index.php\/wp-json\/wp\/v2\/posts"}],"about":[{"href":"https:\/\/chacosintesis.com.ar\/index.php\/wp-json\/wp\/v2\/types\/post"}],"author":[{"embeddable":true,"href":"https:\/\/chacosintesis.com.ar\/index.php\/wp-json\/wp\/v2\/users\/1"}],"replies":[{"embeddable":true,"href":"https:\/\/chacosintesis.com.ar\/index.php\/wp-json\/wp\/v2\/comments?post=21071"}],"version-history":[{"count":0,"href":"https:\/\/chacosintesis.com.ar\/index.php\/wp-json\/wp\/v2\/posts\/21071\/revisions"}],"wp:featuredmedia":[{"embeddable":true,"href":"https:\/\/chacosintesis.com.ar\/index.php\/wp-json\/wp\/v2\/media\/21072"}],"wp:attachment":[{"href":"https:\/\/chacosintesis.com.ar\/index.php\/wp-json\/wp\/v2\/media?parent=21071"}],"wp:term":[{"taxonomy":"category","embeddable":true,"href":"https:\/\/chacosintesis.com.ar\/index.php\/wp-json\/wp\/v2\/categories?post=21071"},{"taxonomy":"post_tag","embeddable":true,"href":"https:\/\/chacosintesis.com.ar\/index.php\/wp-json\/wp\/v2\/tags?post=21071"}],"curies":[{"name":"wp","href":"https:\/\/api.w.org\/{rel}","templated":true}]}}