{"id":21063,"date":"2023-05-02T20:36:39","date_gmt":"2023-05-02T23:36:39","guid":{"rendered":"https:\/\/chacosintesis.com.ar\/?p=21063"},"modified":"2023-05-02T20:37:28","modified_gmt":"2023-05-02T23:37:28","slug":"el-gobierno-capacitara-en-seguridad-vial-a-estudiantes-del-colegio-normal","status":"publish","type":"post","link":"https:\/\/chacosintesis.com.ar\/index.php\/el-gobierno-capacitara-en-seguridad-vial-a-estudiantes-del-colegio-normal\/","title":{"rendered":"El Gobierno capacitar\u00e1 en seguridad vial a estudiantes del Colegio Normal"},"content":{"rendered":"<p>Ya fueron capacitadas unas 5.103 personas de varias localidades. El objetivo es prevenir y reducir la siniestralidad vial en todo el territorio.<br \/>\nEl jueves 2 de mayo se realizar\u00e1 la capacitaci\u00f3n en \u201cSeguridad Vial en Tu Barrio\u201d en el Colegio Normal de Resistencia. Las jornadas son impulsadas por la Subsecretar\u00eda de Seguridad Vial, del Ministerio de Seguridad y Justicia de la provincia. El objetivo es concienciar sobre normas de tr\u00e1nsito para reducir y prevenir siniestros viales. En esta ocasi\u00f3n, la charla estar\u00e1 dirigida a estudiantes de 4to y 5to a\u00f1o del establecimiento. El programa \u201cSeguridad Vial en tu Barrio\u201d, lanzado hace dos a\u00f1os, capacit\u00f3 a 5.103 personas y ya recorri\u00f3 escuelas y barrios de todo Resistencia, Puerto Vilelas, Barranqueras, Fontana, Puerto Tirol; tambi\u00e9n S\u00e1enz Pe\u00f1a, General San Mart\u00edn, Charata, Las Bre\u00f1as, Pinedo, Las Palmas, Margarita Bel\u00e9n y otras localidades m\u00e1s. La capacitaci\u00f3n se realiza a trav\u00e9s de convenios entre la Subsecretar\u00eda de Seguridad Vial y Ciudadana y los municipios, quienes acompa\u00f1an estas iniciativas para garantizar que las y los conductores de motoveh\u00edculos conozcan y apliquen las normas de tr\u00e1nsito. Los disertantes son t\u00e9cnicos superiores en Seguridad P\u00fablica y t\u00e9cnicos superiores de Seguridad Vial pertenecientes a la Polic\u00eda del Chaco. Las charlas incluyen el marco normativo vial, el equipo de seguridad necesario para transitar, el uso correcto del casco, las condiciones psicof\u00edsicas del conductor y los factores que las alteran, las se\u00f1ales viales, reglas y r\u00e9gimen de sanciones, y el mantenimiento necesario de la motocicleta para su normal funcionamiento. Este programa forma parte de una estrategia estatal para la seguridad en motoveh\u00edculos, tanto en rutas como en zonas urbanas. Desde la implementaci\u00f3n de estas acciones, la siniestralidad vial se ha reducido de una manera gradual, logr\u00e1ndose un descenso entre 2012 y 2022. Desde 2012 la tendencia es declinante, llegando a 2021 con 6.405 siniestros viales, y la menor cifra de 5.100 en 2020, producto de la restricci\u00f3n de circulaci\u00f3n impuesta por la pandemia de Covid-19. De los siniestros ocurridos en 2021, 765 fueron sin v\u00edctimas, 5.496 con personas con heridas leves, 862 con heridas graves y 189 con personas fallecidas.<br \/>\n<<a href=\"http:\/\/www.avg.com\/email-signature?utm_medium=email&#038;utm_source=link&#038;utm_campaign=sig-email&#038;utm_content=webmail\">www.avg.com\/email-signature?utm_medium=email&amp;utm_source=link&amp;utm_campaign=sig-email&amp;utm_content=webmail<\/a>> Libre de virus.www.avg.com <<a href=\"http:\/\/www.avg.com\/email-signature?utm_medium=email&#038;utm_source=link&#038;utm_campaign=sig-email&#038;utm_content=webmail\">www.avg.com\/email-signature?utm_medium=email&amp;utm_source=link&amp;utm_campaign=sig-email&amp;utm_content=webmail<\/a>> <#DAB4FAD8-2DD7-40BB-A1B8-4E2AA1F9FDF2><\/p>\n","protected":false},"excerpt":{"rendered":"<p>Ya fueron capacitadas unas 5.103 personas de varias localidades. El objetivo es prevenir y reducir la siniestralidad vial en todo el territorio. El jueves 2 de mayo se realizar\u00e1 la capacitaci\u00f3n en \u201cSeguridad Vial en Tu Barrio\u201d en el Colegio Normal de Resistencia. Las jornadas son impulsadas por la Subsecretar\u00eda de Seguridad Vial, del Ministerio [&hellip;]<\/p>\n","protected":false},"author":1,"featured_media":21064,"comment_status":"closed","ping_status":"closed","sticky":false,"template":"","format":"standard","meta":{"footnotes":""},"categories":[6],"tags":[],"class_list":{"0":"post-21063","1":"post","2":"type-post","3":"status-publish","4":"format-standard","5":"has-post-thumbnail","7":"category-chaco"},"_links":{"self":[{"href":"https:\/\/chacosintesis.com.ar\/index.php\/wp-json\/wp\/v2\/posts\/21063","targetHints":{"allow":["GET"]}}],"collection":[{"href":"https:\/\/chacosintesis.com.ar\/index.php\/wp-json\/wp\/v2\/posts"}],"about":[{"href":"https:\/\/chacosintesis.com.ar\/index.php\/wp-json\/wp\/v2\/types\/post"}],"author":[{"embeddable":true,"href":"https:\/\/chacosintesis.com.ar\/index.php\/wp-json\/wp\/v2\/users\/1"}],"replies":[{"embeddable":true,"href":"https:\/\/chacosintesis.com.ar\/index.php\/wp-json\/wp\/v2\/comments?post=21063"}],"version-history":[{"count":0,"href":"https:\/\/chacosintesis.com.ar\/index.php\/wp-json\/wp\/v2\/posts\/21063\/revisions"}],"wp:featuredmedia":[{"embeddable":true,"href":"https:\/\/chacosintesis.com.ar\/index.php\/wp-json\/wp\/v2\/media\/21064"}],"wp:attachment":[{"href":"https:\/\/chacosintesis.com.ar\/index.php\/wp-json\/wp\/v2\/media?parent=21063"}],"wp:term":[{"taxonomy":"category","embeddable":true,"href":"https:\/\/chacosintesis.com.ar\/index.php\/wp-json\/wp\/v2\/categories?post=21063"},{"taxonomy":"post_tag","embeddable":true,"href":"https:\/\/chacosintesis.com.ar\/index.php\/wp-json\/wp\/v2\/tags?post=21063"}],"curies":[{"name":"wp","href":"https:\/\/api.w.org\/{rel}","templated":true}]}}