{"id":21061,"date":"2023-05-02T20:34:39","date_gmt":"2023-05-02T23:34:39","guid":{"rendered":"https:\/\/chacosintesis.com.ar\/?p=21061"},"modified":"2023-05-02T20:37:28","modified_gmt":"2023-05-02T23:37:28","slug":"capitanich-reconocio-el-trabajo-con-cuero-caprino-de-artesanos-y-artesanas-de-villa-berthet","status":"publish","type":"post","link":"https:\/\/chacosintesis.com.ar\/index.php\/capitanich-reconocio-el-trabajo-con-cuero-caprino-de-artesanos-y-artesanas-de-villa-berthet\/","title":{"rendered":"Capitanich reconoci\u00f3 el trabajo con cuero caprino de artesanos y artesanas de Villa Berthet"},"content":{"rendered":"<p>El gobernador remarc\u00f3 que son los protagonistas de la econom\u00eda de la provincia.<br \/>\nEl gobernador del Chaco, Jorge Capitanich, se reuni\u00f3 este martes con el intendente de Villa Berthet, Germ\u00e1n Honcheruk quien le acerc\u00f3 productos de cuero caprino realizados por artesanas y artesanos de esa localidad. &#8220;Gracias al trabajo de nuestros artesanos y productores, podemos generar bienes a precios accesibles que se comercializan en todo el pa\u00eds&#8221;, dijo el gobernador en sus redes sociales y destac\u00f3 el valor agregado de este material, ya que Chaco cuenta &#8220;con m\u00e1s de 500 mil cabezas de ganado en toda la provincia y garantiza empleo a muchas familias chaque\u00f1as.&#8221; &#8220;Quiero agradecer especialmente a los emprendedores y productores por brindarnos estos bienes y ponerlos a disposici\u00f3n de la comunidad chaque\u00f1a y de todo el pa\u00eds&#8221;, dijo Capitanich y remarc\u00f3 que son los protagonistas de la econom\u00eda de la provincia &#8220;y representan el esfuerzo y la dedicaci\u00f3n de muchas familias chaque\u00f1as&#8221;, concluy\u00f3.<br \/>\n <<a href=\"http:\/\/www.avg.com\/email-signature?utm_medium=email&#038;utm_source=link&#038;utm_campaign=sig-email&#038;utm_content=webmail\">www.avg.com\/email-signature?utm_medium=email&amp;utm_source=link&amp;utm_campaign=sig-email&amp;utm_content=webmail<\/a>> Libre de virus.www.avg.com <<a href=\"http:\/\/www.avg.com\/email-signature?utm_medium=email&#038;utm_source=link&#038;utm_campaign=sig-email&#038;utm_content=webmail\">www.avg.com\/email-signature?utm_medium=email&amp;utm_source=link&amp;utm_campaign=sig-email&amp;utm_content=webmail<\/a>> <#DAB4FAD8-2DD7-40BB-A1B8-4E2AA1F9FDF2><\/p>\n","protected":false},"excerpt":{"rendered":"<p>El gobernador remarc\u00f3 que son los protagonistas de la econom\u00eda de la provincia. El gobernador del Chaco, Jorge Capitanich, se reuni\u00f3 este martes con el intendente de Villa Berthet, Germ\u00e1n Honcheruk quien le acerc\u00f3 productos de cuero caprino realizados por artesanas y artesanos de esa localidad. &#8220;Gracias al trabajo de nuestros artesanos y productores, podemos [&hellip;]<\/p>\n","protected":false},"author":1,"featured_media":21062,"comment_status":"closed","ping_status":"closed","sticky":false,"template":"","format":"standard","meta":{"footnotes":""},"categories":[6],"tags":[],"class_list":{"0":"post-21061","1":"post","2":"type-post","3":"status-publish","4":"format-standard","5":"has-post-thumbnail","7":"category-chaco"},"_links":{"self":[{"href":"https:\/\/chacosintesis.com.ar\/index.php\/wp-json\/wp\/v2\/posts\/21061","targetHints":{"allow":["GET"]}}],"collection":[{"href":"https:\/\/chacosintesis.com.ar\/index.php\/wp-json\/wp\/v2\/posts"}],"about":[{"href":"https:\/\/chacosintesis.com.ar\/index.php\/wp-json\/wp\/v2\/types\/post"}],"author":[{"embeddable":true,"href":"https:\/\/chacosintesis.com.ar\/index.php\/wp-json\/wp\/v2\/users\/1"}],"replies":[{"embeddable":true,"href":"https:\/\/chacosintesis.com.ar\/index.php\/wp-json\/wp\/v2\/comments?post=21061"}],"version-history":[{"count":0,"href":"https:\/\/chacosintesis.com.ar\/index.php\/wp-json\/wp\/v2\/posts\/21061\/revisions"}],"wp:featuredmedia":[{"embeddable":true,"href":"https:\/\/chacosintesis.com.ar\/index.php\/wp-json\/wp\/v2\/media\/21062"}],"wp:attachment":[{"href":"https:\/\/chacosintesis.com.ar\/index.php\/wp-json\/wp\/v2\/media?parent=21061"}],"wp:term":[{"taxonomy":"category","embeddable":true,"href":"https:\/\/chacosintesis.com.ar\/index.php\/wp-json\/wp\/v2\/categories?post=21061"},{"taxonomy":"post_tag","embeddable":true,"href":"https:\/\/chacosintesis.com.ar\/index.php\/wp-json\/wp\/v2\/tags?post=21061"}],"curies":[{"name":"wp","href":"https:\/\/api.w.org\/{rel}","templated":true}]}}