{"id":21051,"date":"2023-05-02T20:20:57","date_gmt":"2023-05-02T23:20:57","guid":{"rendered":"https:\/\/chacosintesis.com.ar\/?p=21051"},"modified":"2023-05-02T20:37:24","modified_gmt":"2023-05-02T23:37:24","slug":"la-miel-chaquena-sera-complemento-del-servicio-alimentario-escolar","status":"publish","type":"post","link":"https:\/\/chacosintesis.com.ar\/index.php\/la-miel-chaquena-sera-complemento-del-servicio-alimentario-escolar\/","title":{"rendered":"La miel chaque\u00f1a ser\u00e1 complemento del servicio alimentario escolar"},"content":{"rendered":"<p>La cartera provincial estableci\u00f3 que las y los productores ap\u00edcolas de Margarita Bel\u00e9n, abastezcan a dispositivos educativos que brindan servicios como parte del programa alimentario.<br \/>\nLa ministra de Desarrollo Social, Mar\u00eda P\u00eda Chiacchio Cavana, firm\u00f3 este martes con representantes de la Cooperativa de Productores Ap\u00edcolas (COTAP), un acuerdo de colaboraci\u00f3n por el cual se abastecer\u00e1 de miel a dispositivos institucionales escolares que brindan prestaciones alimentarias a ni\u00f1as, ni\u00f1os y adolescentes en las modalidades de refrigerio y comedor. La acci\u00f3n constituye un excelente complemento para estudiantes en el marco del Plan Provincial Nutrir Chaco, garantizando desde un Estado Presente, seguridad y soberan\u00eda alimentaria, acorde a sugerencias nutricionales, mejorando y diversificando la alimentaci\u00f3n.<br \/>\n\u201cEste entendimiento adquiere relevancia porque implica promover el compre chaque\u00f1o, adem\u00e1s de fortalecer y acompa\u00f1ar a peque\u00f1os productores provinciales asociados en torno al rubro ap\u00edcola org\u00e1nico, cuya miel tiene calidad y reconocimiento dentro y fuera del pa\u00eds. Adem\u00e1s, esto se da en el marco del d\u00eda del emprendedor y la emprendedora chaque\u00f1a\u201d, se\u00f1al\u00f3 la ministra Chiacchio Cavana.<br \/>\nEl respaldo de la cartera social a la econom\u00eda popular es constante y creciente, prueba de ello es la implementaci\u00f3n de pol\u00edticas que tienden a eliminar intermediarios en las cadenas de producci\u00f3n y comercializaci\u00f3n locales. Se trata de acercar a productores y emprendedores chaque\u00f1os de manera directa con las y los consumidores, casos que se dan en los espacios de Mercados y Almacenes Populares, como el acompa\u00f1amiento constante que se otorga a trabajadoras y trabajadores autogestionados mediante capacitaciones, entrega de maquinarias, herramientas e insumos, o bien acercando cr\u00e9ditos no bancarios en raz\u00f3n de que la mayor\u00eda no califica para acceder a financiamiento tradicional.<br \/>\n\u201cEsta cooperativa es un ejemplo de producci\u00f3n, trabajo, y solidaridad para los peque\u00f1os productores apicultores, brindando un servicio que va desde la extracci\u00f3n de miel, el fraccionado y el envasado, hasta el asesoramiento t\u00e9cnico en la regi\u00f3n\u201d, a\u00f1adi\u00f3 Chiacchio Cavana.<br \/>\n<<a href=\"http:\/\/www.avg.com\/email-signature?utm_medium=email&#038;utm_source=link&#038;utm_campaign=sig-email&#038;utm_content=webmail\">www.avg.com\/email-signature?utm_medium=email&amp;utm_source=link&amp;utm_campaign=sig-email&amp;utm_content=webmail<\/a>> Libre de virus.www.avg.com <<a href=\"http:\/\/www.avg.com\/email-signature?utm_medium=email&#038;utm_source=link&#038;utm_campaign=sig-email&#038;utm_content=webmail\">www.avg.com\/email-signature?utm_medium=email&amp;utm_source=link&amp;utm_campaign=sig-email&amp;utm_content=webmail<\/a>> <#DAB4FAD8-2DD7-40BB-A1B8-4E2AA1F9FDF2><\/p>\n","protected":false},"excerpt":{"rendered":"<p>La cartera provincial estableci\u00f3 que las y los productores ap\u00edcolas de Margarita Bel\u00e9n, abastezcan a dispositivos educativos que brindan servicios como parte del programa alimentario. La ministra de Desarrollo Social, Mar\u00eda P\u00eda Chiacchio Cavana, firm\u00f3 este martes con representantes de la Cooperativa de Productores Ap\u00edcolas (COTAP), un acuerdo de colaboraci\u00f3n por el cual se abastecer\u00e1 [&hellip;]<\/p>\n","protected":false},"author":1,"featured_media":21052,"comment_status":"closed","ping_status":"closed","sticky":false,"template":"","format":"standard","meta":{"footnotes":""},"categories":[6],"tags":[],"class_list":{"0":"post-21051","1":"post","2":"type-post","3":"status-publish","4":"format-standard","5":"has-post-thumbnail","7":"category-chaco"},"_links":{"self":[{"href":"https:\/\/chacosintesis.com.ar\/index.php\/wp-json\/wp\/v2\/posts\/21051","targetHints":{"allow":["GET"]}}],"collection":[{"href":"https:\/\/chacosintesis.com.ar\/index.php\/wp-json\/wp\/v2\/posts"}],"about":[{"href":"https:\/\/chacosintesis.com.ar\/index.php\/wp-json\/wp\/v2\/types\/post"}],"author":[{"embeddable":true,"href":"https:\/\/chacosintesis.com.ar\/index.php\/wp-json\/wp\/v2\/users\/1"}],"replies":[{"embeddable":true,"href":"https:\/\/chacosintesis.com.ar\/index.php\/wp-json\/wp\/v2\/comments?post=21051"}],"version-history":[{"count":0,"href":"https:\/\/chacosintesis.com.ar\/index.php\/wp-json\/wp\/v2\/posts\/21051\/revisions"}],"wp:featuredmedia":[{"embeddable":true,"href":"https:\/\/chacosintesis.com.ar\/index.php\/wp-json\/wp\/v2\/media\/21052"}],"wp:attachment":[{"href":"https:\/\/chacosintesis.com.ar\/index.php\/wp-json\/wp\/v2\/media?parent=21051"}],"wp:term":[{"taxonomy":"category","embeddable":true,"href":"https:\/\/chacosintesis.com.ar\/index.php\/wp-json\/wp\/v2\/categories?post=21051"},{"taxonomy":"post_tag","embeddable":true,"href":"https:\/\/chacosintesis.com.ar\/index.php\/wp-json\/wp\/v2\/tags?post=21051"}],"curies":[{"name":"wp","href":"https:\/\/api.w.org\/{rel}","templated":true}]}}