{"id":21049,"date":"2023-05-02T20:18:42","date_gmt":"2023-05-02T23:18:42","guid":{"rendered":"https:\/\/chacosintesis.com.ar\/?p=21049"},"modified":"2023-05-02T20:37:24","modified_gmt":"2023-05-02T23:37:24","slug":"consulta-ciudadana-en-machagai-para-construir-un-nuevo-jardin-de-infantes","status":"publish","type":"post","link":"https:\/\/chacosintesis.com.ar\/index.php\/consulta-ciudadana-en-machagai-para-construir-un-nuevo-jardin-de-infantes\/","title":{"rendered":"Consulta ciudadana en Machagai para construir un nuevo Jard\u00edn de Infantes"},"content":{"rendered":"<p>Consulta ciudadana en Machagai para construir un nuevo jard\u00edn de infantes. Ser\u00e1 este viernes e invitan a la comunidad a ser parte donde brindar\u00e1n detalles del proyecto.<br \/>\nEl Ministerio de Educaci\u00f3n del Chaco, a trav\u00e9s de la Subsecretar\u00eda de Infraestructura Escolar, invita a una Convocatoria Ciudadana para la localidad de Machagai.<br \/>\nSeg\u00fan indicaron, \u201cMachagai contar\u00e1 con un nuevo jard\u00edn de infantes a construirse  en el barrio Rerserva 3\u201d. \u201cQueremos invitarte a participar de una consulta ciudadana donde estaremos informando detalles del proyecto\u201d, mencionaron.<br \/>\nLa invitaci\u00f3n es para este viernes 5 de mayo a las 9.30 en el EEP N\u00ba153 por calle 25 de mayo 1358.<br \/>\nSeg\u00fan adelantaron, el proyecto contar\u00e1 con el financiamiento de Prini 3, el Programa de Apoyo al Plan Nacional de Primera Infancia y la Pol\u00edtica de Universalizaci\u00f3n a la Educaci\u00f3n Inicial II.<br \/>\n<<a href=\"http:\/\/www.avg.com\/email-signature?utm_medium=email&#038;utm_source=link&#038;utm_campaign=sig-email&#038;utm_content=webmail\">www.avg.com\/email-signature?utm_medium=email&amp;utm_source=link&amp;utm_campaign=sig-email&amp;utm_content=webmail<\/a>> Libre de virus.www.avg.com <<a href=\"http:\/\/www.avg.com\/email-signature?utm_medium=email&#038;utm_source=link&#038;utm_campaign=sig-email&#038;utm_content=webmail\">www.avg.com\/email-signature?utm_medium=email&amp;utm_source=link&amp;utm_campaign=sig-email&amp;utm_content=webmail<\/a>> <#DAB4FAD8-2DD7-40BB-A1B8-4E2AA1F9FDF2><\/p>\n","protected":false},"excerpt":{"rendered":"<p>Consulta ciudadana en Machagai para construir un nuevo jard\u00edn de infantes. Ser\u00e1 este viernes e invitan a la comunidad a ser parte donde brindar\u00e1n detalles del proyecto. El Ministerio de Educaci\u00f3n del Chaco, a trav\u00e9s de la Subsecretar\u00eda de Infraestructura Escolar, invita a una Convocatoria Ciudadana para la localidad de Machagai. Seg\u00fan indicaron, \u201cMachagai contar\u00e1 [&hellip;]<\/p>\n","protected":false},"author":1,"featured_media":21050,"comment_status":"closed","ping_status":"closed","sticky":false,"template":"","format":"standard","meta":{"footnotes":""},"categories":[6],"tags":[],"class_list":{"0":"post-21049","1":"post","2":"type-post","3":"status-publish","4":"format-standard","5":"has-post-thumbnail","7":"category-chaco"},"_links":{"self":[{"href":"https:\/\/chacosintesis.com.ar\/index.php\/wp-json\/wp\/v2\/posts\/21049","targetHints":{"allow":["GET"]}}],"collection":[{"href":"https:\/\/chacosintesis.com.ar\/index.php\/wp-json\/wp\/v2\/posts"}],"about":[{"href":"https:\/\/chacosintesis.com.ar\/index.php\/wp-json\/wp\/v2\/types\/post"}],"author":[{"embeddable":true,"href":"https:\/\/chacosintesis.com.ar\/index.php\/wp-json\/wp\/v2\/users\/1"}],"replies":[{"embeddable":true,"href":"https:\/\/chacosintesis.com.ar\/index.php\/wp-json\/wp\/v2\/comments?post=21049"}],"version-history":[{"count":0,"href":"https:\/\/chacosintesis.com.ar\/index.php\/wp-json\/wp\/v2\/posts\/21049\/revisions"}],"wp:featuredmedia":[{"embeddable":true,"href":"https:\/\/chacosintesis.com.ar\/index.php\/wp-json\/wp\/v2\/media\/21050"}],"wp:attachment":[{"href":"https:\/\/chacosintesis.com.ar\/index.php\/wp-json\/wp\/v2\/media?parent=21049"}],"wp:term":[{"taxonomy":"category","embeddable":true,"href":"https:\/\/chacosintesis.com.ar\/index.php\/wp-json\/wp\/v2\/categories?post=21049"},{"taxonomy":"post_tag","embeddable":true,"href":"https:\/\/chacosintesis.com.ar\/index.php\/wp-json\/wp\/v2\/tags?post=21049"}],"curies":[{"name":"wp","href":"https:\/\/api.w.org\/{rel}","templated":true}]}}