{"id":21031,"date":"2023-05-02T13:08:55","date_gmt":"2023-05-02T16:08:55","guid":{"rendered":"https:\/\/chacosintesis.com.ar\/?p=21031"},"modified":"2023-05-02T13:37:17","modified_gmt":"2023-05-02T16:37:17","slug":"capitanich-anuncio-que-se-refaccionara-un-centro-de-integracion-y-fortalecimiento-familiar-de-barranqueras","status":"publish","type":"post","link":"https:\/\/chacosintesis.com.ar\/index.php\/capitanich-anuncio-que-se-refaccionara-un-centro-de-integracion-y-fortalecimiento-familiar-de-barranqueras\/","title":{"rendered":"Capitanich anunci\u00f3 que se refaccionar\u00e1 un Centro de Integraci\u00f3n y Fortalecimiento Familiar de Barranqueras"},"content":{"rendered":"<p>Se trata de un Centro que funciona desde hace 50 a\u00f1os y ofrece asistencia alimentaria y nutricional, estimulaci\u00f3n temprana, y cuidados para ni\u00f1as y ni\u00f1os desde los 45 d\u00edas.<\/p>\n<p>El gobernador Jorge Capitanich y la ministra de Desarrollo Social, P\u00eda Chiacchio Cavana, visitaron este lunes el Hogar y Centro de Integraci\u00f3n y Fortalecimiento Familiar (CIFF) &#8220;Peque\u00f1as Hermanas Misioneras de la Caridad&#8221; en Barranqueras. Es el CIFF N\u00b09, que este a\u00f1o conmemora sus 50 a\u00f1os de existencia, y en ese marco, el Gobierno de la provincia llevar\u00e1 adelante una refacci\u00f3n integral del lugar.<br \/>\nEl mandatario salud\u00f3 a los administradores del lugar, con quien dialog\u00f3 sobre las mejoras en infraestructura que se proyectan iniciar este mes de mayo. \u201cVamos a hacer una intervenci\u00f3n desde el punto de vista de la infraestructura en virtud de los cincuenta a\u00f1os de existencia de este centro\u201d, expres\u00f3.<br \/>\nNo solamente se van a hacer inversiones de infraestructura para el mantenimiento, la rehabilitaci\u00f3n y el mejoramiento de la capacidad instalada, sino que tambi\u00e9n se trabajar\u00e1 en nuevos mecanismos para ampliar la atenci\u00f3n.<br \/>\nEl CIFF atiende aproximadamente a 35 ni\u00f1os y ni\u00f1as de uno a cuatro a\u00f1os aproximadamente, con un sistema de asistencia alimentaria y nutricional e inclusi\u00f3n social educativa de estimulaci\u00f3n temprana.<br \/>\nEl gobernador valor\u00f3 el impacto que tienen estos centros en las comunidades y asegur\u00f3 que aportan adem\u00e1s a la infraestructura urbana. \u201cAc\u00e1 se hicieron m\u00e1s de 50 cuadras de pavimento urbano dentro del programa de 420 cuadras que tiene Barranqueras en distintos estados de ejecuci\u00f3n. Cambi\u00f3 la fisonom\u00eda del barrio y, por supuesto, el nivel de mejora para la accesibilidad al mismo Centro\u201d, remarc\u00f3.<br \/>\nEn tanto, la ministra Chiacchio Cavana puntualiz\u00f3 en la relevancia de los Centros de Fortalecimiento Familiar en toda la provincia, como as\u00ed tambi\u00e9n los Centros de Desarrollo Infantil. \u201cContamos con 52 CIFF y 48 CDI entre inaugurados, en ejecuci\u00f3n y planificados para toda la provincia. El objetivo es que no haya localidad sin un CDI y un CIFF, porque un espacio como este aporta muchas posibilidades, como por ejemplo que las madres y los padres tengan un lugar donde dejar a los hijos para salir a trabajar\u201d, indic\u00f3 la funcionaria.<br \/>\nEl CIFF N 9 funciona hace 50 a\u00f1os como un espacio de contenci\u00f3n, ayuda y atenci\u00f3n a las poblaciones m\u00e1s vulnerables. \u201cAqu\u00ed se lleva adelante asistencia alimentaria nutricional, desarrollo en psicomotricidad y estimulaci\u00f3n temprana, adem\u00e1s de realizar un gran acompa\u00f1amiento a las familias\u201d, destac\u00f3 Chiacchio Cavana.<br \/>\nLa responsable del espacio, la hermana Mar\u00eda Celina Ruiz D\u00edaz, coment\u00f3 que son tres religiosas que se encuentran en este lugar &#8220;atendiendo, recibiendo a las personas, a los ni\u00f1os, en el acompa\u00f1amiento espiritual, en la escucha y tambi\u00e9n en lo que implica la catequesis y la formaci\u00f3n\u201d. \u201cLas instalaciones son muy antiguas y hay que trabajar en el arreglo de los sanitarios, n\u00facleos h\u00famedos, cocina, para mejorar el confort&#8221;, detall\u00f3 la ministra de Desarrollo, y sostuvo: &#8220;es el compromiso que asumimos\u201d.<br \/>\nEstuvieron presentes junto al gobernador y la ministra, la intendenta Magda Ayala, la subsecretar\u00eda de Ni\u00f1ez Adolescencia y Familia, Maria Graciela Cavana y el director de Culto, Pedro Garc\u00eda.<\/p>\n","protected":false},"excerpt":{"rendered":"<p>Se trata de un Centro que funciona desde hace 50 a\u00f1os y ofrece asistencia alimentaria y nutricional, estimulaci\u00f3n temprana, y cuidados para ni\u00f1as y ni\u00f1os desde los 45 d\u00edas. El gobernador Jorge Capitanich y la ministra de Desarrollo Social, P\u00eda Chiacchio Cavana, visitaron este lunes el Hogar y Centro de Integraci\u00f3n y Fortalecimiento Familiar (CIFF) [&hellip;]<\/p>\n","protected":false},"author":1,"featured_media":21032,"comment_status":"closed","ping_status":"closed","sticky":false,"template":"","format":"standard","meta":{"footnotes":""},"categories":[6],"tags":[],"class_list":{"0":"post-21031","1":"post","2":"type-post","3":"status-publish","4":"format-standard","5":"has-post-thumbnail","7":"category-chaco"},"_links":{"self":[{"href":"https:\/\/chacosintesis.com.ar\/index.php\/wp-json\/wp\/v2\/posts\/21031","targetHints":{"allow":["GET"]}}],"collection":[{"href":"https:\/\/chacosintesis.com.ar\/index.php\/wp-json\/wp\/v2\/posts"}],"about":[{"href":"https:\/\/chacosintesis.com.ar\/index.php\/wp-json\/wp\/v2\/types\/post"}],"author":[{"embeddable":true,"href":"https:\/\/chacosintesis.com.ar\/index.php\/wp-json\/wp\/v2\/users\/1"}],"replies":[{"embeddable":true,"href":"https:\/\/chacosintesis.com.ar\/index.php\/wp-json\/wp\/v2\/comments?post=21031"}],"version-history":[{"count":0,"href":"https:\/\/chacosintesis.com.ar\/index.php\/wp-json\/wp\/v2\/posts\/21031\/revisions"}],"wp:featuredmedia":[{"embeddable":true,"href":"https:\/\/chacosintesis.com.ar\/index.php\/wp-json\/wp\/v2\/media\/21032"}],"wp:attachment":[{"href":"https:\/\/chacosintesis.com.ar\/index.php\/wp-json\/wp\/v2\/media?parent=21031"}],"wp:term":[{"taxonomy":"category","embeddable":true,"href":"https:\/\/chacosintesis.com.ar\/index.php\/wp-json\/wp\/v2\/categories?post=21031"},{"taxonomy":"post_tag","embeddable":true,"href":"https:\/\/chacosintesis.com.ar\/index.php\/wp-json\/wp\/v2\/tags?post=21031"}],"curies":[{"name":"wp","href":"https:\/\/api.w.org\/{rel}","templated":true}]}}