{"id":21027,"date":"2023-05-01T17:11:18","date_gmt":"2023-05-01T20:11:18","guid":{"rendered":"https:\/\/chacosintesis.com.ar\/?p=21027"},"modified":"2023-05-01T17:36:44","modified_gmt":"2023-05-01T20:36:44","slug":"fallecio-un-joven-de-20-anos-por-un-incidente-vial-en-villa-berthet","status":"publish","type":"post","link":"https:\/\/chacosintesis.com.ar\/index.php\/fallecio-un-joven-de-20-anos-por-un-incidente-vial-en-villa-berthet\/","title":{"rendered":"Falleci\u00f3 un joven de 20 a\u00f1os por un incidente vial en Villa Berthet"},"content":{"rendered":"<p>Un hombre de 20 a\u00f1os identificado como Cristian Franco Saavedra falleci\u00f3 durante esta madrugada en la localidad de Villa Berthet, v\u00edctima de un siniestro vial en avenida Juan Manuel de Rosas y Ruta Provincial N\u00b0 4, seg\u00fan informaron desde la Polic\u00eda.<br \/>\nEn el parte oficial aseguran que el joven circulaba a bordo de una moto Corven \u201cTriax\u201d 150 cuando perdi\u00f3 el control del rodado, impact\u00f3 contra el cord\u00f3n y luego choc\u00f3 unas \u201ccorreas de hierro\u201d que estaban sobre la vereda.<br \/>\nAseguran que este fue trasladado de urgencia al hospital, sin embargo, informaron que se confirm\u00f3 el deceso \u201cdebido a las lesiones sufridas en el siniestro\u201d. Indicaron que posteriormente el cuerpo de la v\u00edctima fue llevado a la morgue judicial donde la divisi\u00f3n criminal\u00edstica \u201cse aboc\u00f3 a las pericias\u201d.<\/p>\n","protected":false},"excerpt":{"rendered":"<p>Un hombre de 20 a\u00f1os identificado como Cristian Franco Saavedra falleci\u00f3 durante esta madrugada en la localidad de Villa Berthet, v\u00edctima de un siniestro vial en avenida Juan Manuel de Rosas y Ruta Provincial N\u00b0 4, seg\u00fan informaron desde la Polic\u00eda. En el parte oficial aseguran que el joven circulaba a bordo de una moto [&hellip;]<\/p>\n","protected":false},"author":1,"featured_media":21028,"comment_status":"closed","ping_status":"closed","sticky":false,"template":"","format":"standard","meta":{"footnotes":""},"categories":[6],"tags":[197],"class_list":{"0":"post-21027","1":"post","2":"type-post","3":"status-publish","4":"format-standard","5":"has-post-thumbnail","7":"category-chaco","8":"tag-destacada"},"_links":{"self":[{"href":"https:\/\/chacosintesis.com.ar\/index.php\/wp-json\/wp\/v2\/posts\/21027","targetHints":{"allow":["GET"]}}],"collection":[{"href":"https:\/\/chacosintesis.com.ar\/index.php\/wp-json\/wp\/v2\/posts"}],"about":[{"href":"https:\/\/chacosintesis.com.ar\/index.php\/wp-json\/wp\/v2\/types\/post"}],"author":[{"embeddable":true,"href":"https:\/\/chacosintesis.com.ar\/index.php\/wp-json\/wp\/v2\/users\/1"}],"replies":[{"embeddable":true,"href":"https:\/\/chacosintesis.com.ar\/index.php\/wp-json\/wp\/v2\/comments?post=21027"}],"version-history":[{"count":0,"href":"https:\/\/chacosintesis.com.ar\/index.php\/wp-json\/wp\/v2\/posts\/21027\/revisions"}],"wp:featuredmedia":[{"embeddable":true,"href":"https:\/\/chacosintesis.com.ar\/index.php\/wp-json\/wp\/v2\/media\/21028"}],"wp:attachment":[{"href":"https:\/\/chacosintesis.com.ar\/index.php\/wp-json\/wp\/v2\/media?parent=21027"}],"wp:term":[{"taxonomy":"category","embeddable":true,"href":"https:\/\/chacosintesis.com.ar\/index.php\/wp-json\/wp\/v2\/categories?post=21027"},{"taxonomy":"post_tag","embeddable":true,"href":"https:\/\/chacosintesis.com.ar\/index.php\/wp-json\/wp\/v2\/tags?post=21027"}],"curies":[{"name":"wp","href":"https:\/\/api.w.org\/{rel}","templated":true}]}}