{"id":21024,"date":"2023-05-01T12:21:00","date_gmt":"2023-05-01T15:21:00","guid":{"rendered":"https:\/\/chacosintesis.com.ar\/?p=21024"},"modified":"2023-05-01T14:23:07","modified_gmt":"2023-05-01T17:23:07","slug":"cuesta-vamos-a-tener-presencia-en-cada-casa-y-en-cada-barrio-de-nuestra-querida-resistencia","status":"publish","type":"post","link":"https:\/\/chacosintesis.com.ar\/index.php\/cuesta-vamos-a-tener-presencia-en-cada-casa-y-en-cada-barrio-de-nuestra-querida-resistencia\/","title":{"rendered":"Cuesta: \u201cVamos a tener presencia en cada casa y en cada barrio de nuestra querida Resistencia\u201d"},"content":{"rendered":"\n<p>La presidenta del Poder Legislativo, Elida Cuesta, particip\u00f3 de la reinauguraci\u00f3n de la plaza 25 de Mayo de 1810, momento en que resalt\u00f3 la importancia que tuvo rescatar este lugar emblem\u00e1tico de encuentro y comuni\u00f3n de todas y todos los resistencianos. \u201cLa recuperaci\u00f3n de los espacios p\u00fablicos en la ciudad fue fundamental durante esta gesti\u00f3n municipal, algo que va a continuar porque es lo que quieren las y los vecinos\u201d, agreg\u00f3 la tambi\u00e9n precandidata a intendenta de Resistencia por la Corriente de Expresi\u00f3n Renovada (CER).<br>En este sentido, la legisladora pidi\u00f3 disculpas a las y los vecinos de Resistencia por la demora en la conclusi\u00f3n de las obras, producto de factores econ\u00f3micos muy complejos. \u201cLa obra se extendi\u00f3 m\u00e1s de lo que nosotros hubi\u00e9semos querido, pero bueno, hoy estamos festejando por contar con este hermoso espacio de calidad nuevamente\u201d, asever\u00f3.<br>Por otro lado, asegur\u00f3 que la actual gesti\u00f3n municipal va a culminar, antes de fin de a\u00f1o, todas las obras que se encuentra llevando adelante en cada punto de la ciudad. \u201cVamos a trabajar para continuar y profundizar el trabajo realizado por la gesti\u00f3n de Gustavo Mart\u00ednez para todas y todos los resistencianos\u201d, afirm\u00f3.<br>Adem\u00e1s, ratific\u00f3 su compromiso de continuar trabajando incansablemente para mejorar la calidad de vida de las y los chaque\u00f1os. \u201cTenemos la experiencia necesaria para hacer lo que tenemos que hacer, y vamos a recuperar la cercan\u00eda con las y los vecinos. Vamos a tener presencia en cada casa y en cada barrio de nuestra querida Resistencia\u201d, resalt\u00f3 Cuesta.<\/p>\n\n\n\n<p>\u201cMe siento capacitada para afrontar este gran desaf\u00edo\u201d<br>La precandidata a intendenta de Resistencia por el Frente Corriente de Expresi\u00f3n Renovada (CER) agradeci\u00f3 la confianza de Gustavo Mart\u00ednez y de todos los integrantes del espacio pol\u00edtico y su compromiso de estar cerca de las y los vecinos de la capital chaque\u00f1a. \u201cEstoy feliz y agradecida por esta oportunidad que se me presenta. Quienes me conocen saben que para m\u00ed no hay nada m\u00e1s importante que estar cerca de la gente, escuchar sus demandas y trabajar incansablemente para resolverlas\u201d, manifest\u00f3.<br>Cuesta marc\u00f3 que se siente capacitada para afrontar este gran desaf\u00edo junto a un equipo muy comprometido. \u201cNo son tiempos f\u00e1ciles, pero la mejor manera de atravesarlos es con un proyecto de ciudad y provincia transformador, amplio y democr\u00e1tico\u201d, ampli\u00f3.<\/p>\n\n\n\n<p>La plaza: un lugar de encuentro para las y los resistencianos<br>Para finalizar, Cuesta expres\u00f3 que nuevamente las y los vecinos se apropiaron de la plaza, la aceptaron y la quieren, ya que la consider\u00f3 un espacio p\u00fablico con equipamiento de calidad que permitir\u00e1 a miles de familias disfrutar de un espacio hist\u00f3rico que se encuentra en el coraz\u00f3n de la ciudad. \u201cHoy estamos felices de ver nuevamente la plaza repleta de familias, por lo que pedimos que la cuiden, que entre todos logremos que este hermoso espacio pueda seguir brillando y d\u00e1ndole alegr\u00edas a la comunidad\u201d, concluy\u00f3.<\/p>\n","protected":false},"excerpt":{"rendered":"<p>La presidenta del Poder Legislativo, Elida Cuesta, particip\u00f3 de la reinauguraci\u00f3n de la plaza 25 de Mayo de 1810, momento en que resalt\u00f3 la importancia que tuvo rescatar este lugar emblem\u00e1tico de encuentro y comuni\u00f3n de todas y todos los resistencianos. \u201cLa recuperaci\u00f3n de los espacios p\u00fablicos en la ciudad fue fundamental durante esta gesti\u00f3n [&hellip;]<\/p>\n","protected":false},"author":1,"featured_media":21025,"comment_status":"closed","ping_status":"closed","sticky":false,"template":"","format":"standard","meta":{"footnotes":""},"categories":[6],"tags":[202],"class_list":{"0":"post-21024","1":"post","2":"type-post","3":"status-publish","4":"format-standard","5":"has-post-thumbnail","7":"category-chaco","8":"tag-legislatura"},"_links":{"self":[{"href":"https:\/\/chacosintesis.com.ar\/index.php\/wp-json\/wp\/v2\/posts\/21024","targetHints":{"allow":["GET"]}}],"collection":[{"href":"https:\/\/chacosintesis.com.ar\/index.php\/wp-json\/wp\/v2\/posts"}],"about":[{"href":"https:\/\/chacosintesis.com.ar\/index.php\/wp-json\/wp\/v2\/types\/post"}],"author":[{"embeddable":true,"href":"https:\/\/chacosintesis.com.ar\/index.php\/wp-json\/wp\/v2\/users\/1"}],"replies":[{"embeddable":true,"href":"https:\/\/chacosintesis.com.ar\/index.php\/wp-json\/wp\/v2\/comments?post=21024"}],"version-history":[{"count":0,"href":"https:\/\/chacosintesis.com.ar\/index.php\/wp-json\/wp\/v2\/posts\/21024\/revisions"}],"wp:featuredmedia":[{"embeddable":true,"href":"https:\/\/chacosintesis.com.ar\/index.php\/wp-json\/wp\/v2\/media\/21025"}],"wp:attachment":[{"href":"https:\/\/chacosintesis.com.ar\/index.php\/wp-json\/wp\/v2\/media?parent=21024"}],"wp:term":[{"taxonomy":"category","embeddable":true,"href":"https:\/\/chacosintesis.com.ar\/index.php\/wp-json\/wp\/v2\/categories?post=21024"},{"taxonomy":"post_tag","embeddable":true,"href":"https:\/\/chacosintesis.com.ar\/index.php\/wp-json\/wp\/v2\/tags?post=21024"}],"curies":[{"name":"wp","href":"https:\/\/api.w.org\/{rel}","templated":true}]}}