{"id":21021,"date":"2023-04-29T12:19:00","date_gmt":"2023-04-29T15:19:00","guid":{"rendered":"https:\/\/chacosintesis.com.ar\/?p=21021"},"modified":"2023-05-01T14:20:42","modified_gmt":"2023-05-01T17:20:42","slug":"descentralizacion-municipal-cuesta-y-monzon-recorrieron-las-obras-de-remodelacion-del-ccm-de-las-244-viviendas","status":"publish","type":"post","link":"https:\/\/chacosintesis.com.ar\/index.php\/descentralizacion-municipal-cuesta-y-monzon-recorrieron-las-obras-de-remodelacion-del-ccm-de-las-244-viviendas\/","title":{"rendered":"Descentralizaci\u00f3n municipal: Cuesta y Monz\u00f3n recorrieron las obras de remodelaci\u00f3n del CCM de las 244 Viviendas"},"content":{"rendered":"\n<p>Con el objetivo de descentralizar el servicio municipal y apoyar el rol social de los centros comunitarios, la presidenta del Poder Legislativo, Eli Cuesta, acompa\u00f1\u00f3 al secretario de Planificaci\u00f3n, Infraestructura y Ambiente a recorrer las obras de refacci\u00f3n del Centro Comunitario Municipal (CCM) del barrio 244 Viviendas. El lugar tendr\u00e1 una mejora edilicia por primera vez en 20 a\u00f1os.<br>Cuesta resalt\u00f3 la importancia de acercar al municipio a las y los vecinos, mejorando los servicios y las condiciones laborales de las y los trabajadores. \u201cEs bueno ver que estamos a t\u00e9rmino con todas las obras, cumpliendo con las demandas y mostrando a los vecinos d\u00f3nde van a parar sus impuestos\u201d, manifest\u00f3 la legisladora.<br>Asimismo, destac\u00f3 el rol que social y comunitario del CCM, ya que brinda una atenci\u00f3n sumamente necesaria. \u201cEn este lugar prestan servicios municipales, hay un m\u00f3dulo de la caja municipal, dictan diversas clases, como de apoyo y costura, coordinan campa\u00f1as de vacunaci\u00f3n con el centro de salud, asistiendo no solo a las y los vecinos de este barrio, sino tambi\u00e9n de barriadas cercanas, por lo que ponerlo en condiciones es fundamental para mejorar la calidad de vida de la gente\u201d, remarc\u00f3.<br>Por su parte, Monz\u00f3n explic\u00f3 las reformas y obras que est\u00e1n realizando en el CCM con el objetivo de brindar un mejor lugar desde el municipio. \u201cSe est\u00e1n haciendo trabajos de refacci\u00f3n, ya que son centros comunitarios que tienen m\u00e1s de 20 a\u00f1os de construidos y no han tenido ning\u00fan tipo de intervenci\u00f3n en todo ese tiempo. Por lo tanto, los trabajos para ponerlos a punto y refaccionar todas las instalaciones son fundamentales, es un mejoramiento integral sumado a la ampliaci\u00f3n edilicia para nuevos usos\u201d, asever\u00f3 el funcionario.<br>El secretario municipal manifest\u00f3 que es fundamental poner en valor los edificios municipales, sobre todo los que tienen una fuerte vinculaci\u00f3n con las y los vecinos. \u201cEstas acciones son fundamentales porque aqu\u00ed funcionan clubes de adultos mayores, hay grupos de j\u00f3venes, adultos, clases de indumentaria y reposter\u00eda, por lo cual es importante que desde el municipio apoyemos y fortalezcamos toda esta infraestructura para desarrollar, apoyar y trabajar con la comunidad\u201d, afirm\u00f3.<br>Al concluir, Monz\u00f3n marc\u00f3 que la pol\u00edtica central de esta gesti\u00f3n municipal es descentralizar los servicios para estar m\u00e1s cerca de cada vecina y vecino con pol\u00edticas activas<\/p>\n","protected":false},"excerpt":{"rendered":"<p>Con el objetivo de descentralizar el servicio municipal y apoyar el rol social de los centros comunitarios, la presidenta del Poder Legislativo, Eli Cuesta, acompa\u00f1\u00f3 al secretario de Planificaci\u00f3n, Infraestructura y Ambiente a recorrer las obras de refacci\u00f3n del Centro Comunitario Municipal (CCM) del barrio 244 Viviendas. El lugar tendr\u00e1 una mejora edilicia por primera [&hellip;]<\/p>\n","protected":false},"author":1,"featured_media":21022,"comment_status":"closed","ping_status":"closed","sticky":false,"template":"","format":"standard","meta":{"footnotes":""},"categories":[6],"tags":[202],"class_list":{"0":"post-21021","1":"post","2":"type-post","3":"status-publish","4":"format-standard","5":"has-post-thumbnail","7":"category-chaco","8":"tag-legislatura"},"_links":{"self":[{"href":"https:\/\/chacosintesis.com.ar\/index.php\/wp-json\/wp\/v2\/posts\/21021","targetHints":{"allow":["GET"]}}],"collection":[{"href":"https:\/\/chacosintesis.com.ar\/index.php\/wp-json\/wp\/v2\/posts"}],"about":[{"href":"https:\/\/chacosintesis.com.ar\/index.php\/wp-json\/wp\/v2\/types\/post"}],"author":[{"embeddable":true,"href":"https:\/\/chacosintesis.com.ar\/index.php\/wp-json\/wp\/v2\/users\/1"}],"replies":[{"embeddable":true,"href":"https:\/\/chacosintesis.com.ar\/index.php\/wp-json\/wp\/v2\/comments?post=21021"}],"version-history":[{"count":0,"href":"https:\/\/chacosintesis.com.ar\/index.php\/wp-json\/wp\/v2\/posts\/21021\/revisions"}],"wp:featuredmedia":[{"embeddable":true,"href":"https:\/\/chacosintesis.com.ar\/index.php\/wp-json\/wp\/v2\/media\/21022"}],"wp:attachment":[{"href":"https:\/\/chacosintesis.com.ar\/index.php\/wp-json\/wp\/v2\/media?parent=21021"}],"wp:term":[{"taxonomy":"category","embeddable":true,"href":"https:\/\/chacosintesis.com.ar\/index.php\/wp-json\/wp\/v2\/categories?post=21021"},{"taxonomy":"post_tag","embeddable":true,"href":"https:\/\/chacosintesis.com.ar\/index.php\/wp-json\/wp\/v2\/tags?post=21021"}],"curies":[{"name":"wp","href":"https:\/\/api.w.org\/{rel}","templated":true}]}}