{"id":21018,"date":"2023-04-28T13:17:00","date_gmt":"2023-04-28T16:17:00","guid":{"rendered":"https:\/\/chacosintesis.com.ar\/?p=21018"},"modified":"2023-05-01T14:19:04","modified_gmt":"2023-05-01T17:19:04","slug":"cuesta-los-impuestos-vuelven-a-las-y-los-vecinos-en-mejores-espacios-publicos","status":"publish","type":"post","link":"https:\/\/chacosintesis.com.ar\/index.php\/cuesta-los-impuestos-vuelven-a-las-y-los-vecinos-en-mejores-espacios-publicos\/","title":{"rendered":"Cuesta: \u201cLos impuestos vuelven a las y los vecinos en mejores espacios p\u00fablicos\u201d"},"content":{"rendered":"\n<p>La presidenta del Poder Legislativo, Eli Cuesta, recorri\u00f3 junto al secretario de Planificaci\u00f3n Infraestructura y Ambiente del Municipio de Resistencia, Guillermo Monz\u00f3n, las obras que se est\u00e1n realizando en el Parque Urbano Tiro Federal, en el marco del Plan Director de Recuperaci\u00f3n de Espacios P\u00fablicos que plantea acondicionar m\u00e1s de 40 hect\u00e1reas de espacios verdes en la ciudad. Este espacio p\u00fablico fue transferido desde la provincia a dominio de la comuna capitalina por medio de la Ley 3434-R impulsada por la titular de la Legislatura chaque\u00f1a y sancionada por unanimidad.<br>Cuesta resalt\u00f3 el avance de los trabajos y la decisi\u00f3n pol\u00edtica del Municipio en recuperar espacios p\u00fablicos abandonados para que los resistencianos los puedan disfrutar. \u201cEs muy necesaria esta obra en la zona sur de la ciudad para la recreaci\u00f3n, el esparcimiento y la pr\u00e1ctica deportiva de la comunidad, por lo que hay que resaltar que los impuestos vuelven a las y los vecinos en mejores espacios p\u00fablicos\u201d, manifest\u00f3 la titular legislativa.<br>Asimismo, destac\u00f3 que se hizo el cerramiento parcial del parque para que las y los vecinos sigan ocupando este predio y asegur\u00f3 que \u201cla gente se apropia mucho de los espacios p\u00fablicos, por eso es importante recuperarlos y ponerlos en condiciones \u00f3ptimas que para todas y todos los puedan disfrutar\u201d.<\/p>\n\n\n\n<p>Un pulm\u00f3n verde para la zona sur de la ciudad<br>El secretario de Planificaci\u00f3n, Infraestructura y Ambiente marc\u00f3 que gracias a este Plan Director de Espacios P\u00fablicos \u201cvenimos llevando adelante en la ciudad diversas actividades, como el mejoramiento de la plaza 25 de Mayo, tambi\u00e9n estamos interviniendo en los diferentes barrios, por eso es importante remarcar esta iniciativa que contempla la recuperaci\u00f3n de casi 40 hect\u00e1reas de superficie de espacios verdes en toda Resistencia\u201d.<br>Monz\u00f3n dijo tambi\u00e9n que el parque Tiro Federal es un lugar muy importante, por lo cual es necesario que toda la zona sur cuente con un espacio de recreaci\u00f3n y deportes. \u201cSon aproximadamente diez hect\u00e1reas en total, donde vamos a intervenir cinco de espacio verde para el sector de juegos, recreaci\u00f3n y esparcimiento\u201d, explic\u00f3 y ampli\u00f3 que las remodelaciones se dan ante la carencia de espacios p\u00fablicos que tiene toda la zona sur. \u201cEste va a ser un gran pulm\u00f3n para toda esta gran comunidad, que contar\u00e1 con un espacio p\u00fablico de calidad, con juegos de calidad, pisos antigolpes para reducir los riesgos de accidentes y un predio totalmente iluminado, en buenas condiciones\u201d, destac\u00f3 el funcionario.<br>\u201cEl plazo de obra es de seis meses, ya estamos llevando un mes y medio, as\u00ed que en dos o cuatro meses m\u00e1s vamos a tener finalizada esta obra muy importante para toda esta gran barriada que hay alrededor de este parque, para que todas las familias vengan a compartir, a convivir y estar en este lugar tan necesario para todos\u201d, cerr\u00f3<\/p>\n","protected":false},"excerpt":{"rendered":"<p>La presidenta del Poder Legislativo, Eli Cuesta, recorri\u00f3 junto al secretario de Planificaci\u00f3n Infraestructura y Ambiente del Municipio de Resistencia, Guillermo Monz\u00f3n, las obras que se est\u00e1n realizando en el Parque Urbano Tiro Federal, en el marco del Plan Director de Recuperaci\u00f3n de Espacios P\u00fablicos que plantea acondicionar m\u00e1s de 40 hect\u00e1reas de espacios verdes [&hellip;]<\/p>\n","protected":false},"author":1,"featured_media":21019,"comment_status":"closed","ping_status":"closed","sticky":false,"template":"","format":"standard","meta":{"footnotes":""},"categories":[6],"tags":[202],"class_list":{"0":"post-21018","1":"post","2":"type-post","3":"status-publish","4":"format-standard","5":"has-post-thumbnail","7":"category-chaco","8":"tag-legislatura"},"_links":{"self":[{"href":"https:\/\/chacosintesis.com.ar\/index.php\/wp-json\/wp\/v2\/posts\/21018","targetHints":{"allow":["GET"]}}],"collection":[{"href":"https:\/\/chacosintesis.com.ar\/index.php\/wp-json\/wp\/v2\/posts"}],"about":[{"href":"https:\/\/chacosintesis.com.ar\/index.php\/wp-json\/wp\/v2\/types\/post"}],"author":[{"embeddable":true,"href":"https:\/\/chacosintesis.com.ar\/index.php\/wp-json\/wp\/v2\/users\/1"}],"replies":[{"embeddable":true,"href":"https:\/\/chacosintesis.com.ar\/index.php\/wp-json\/wp\/v2\/comments?post=21018"}],"version-history":[{"count":0,"href":"https:\/\/chacosintesis.com.ar\/index.php\/wp-json\/wp\/v2\/posts\/21018\/revisions"}],"wp:featuredmedia":[{"embeddable":true,"href":"https:\/\/chacosintesis.com.ar\/index.php\/wp-json\/wp\/v2\/media\/21019"}],"wp:attachment":[{"href":"https:\/\/chacosintesis.com.ar\/index.php\/wp-json\/wp\/v2\/media?parent=21018"}],"wp:term":[{"taxonomy":"category","embeddable":true,"href":"https:\/\/chacosintesis.com.ar\/index.php\/wp-json\/wp\/v2\/categories?post=21018"},{"taxonomy":"post_tag","embeddable":true,"href":"https:\/\/chacosintesis.com.ar\/index.php\/wp-json\/wp\/v2\/tags?post=21018"}],"curies":[{"name":"wp","href":"https:\/\/api.w.org\/{rel}","templated":true}]}}