{"id":21015,"date":"2023-04-27T12:42:00","date_gmt":"2023-04-27T15:42:00","guid":{"rendered":"https:\/\/chacosintesis.com.ar\/?p=21015"},"modified":"2023-05-01T14:16:52","modified_gmt":"2023-05-01T17:16:52","slug":"cuesta-pide-declarar-como-patrimonio-cultural-viviente-a-siete-caciques-de-etnia-wichi","status":"publish","type":"post","link":"https:\/\/chacosintesis.com.ar\/index.php\/cuesta-pide-declarar-como-patrimonio-cultural-viviente-a-siete-caciques-de-etnia-wichi\/","title":{"rendered":"Cuesta pide declarar como patrimonio cultural viviente a siete caciques de etnia wich\u00ed"},"content":{"rendered":"\n<p>Con el objetivo de destacar y reconocer el aporte social, cultural e hist\u00f3rico que realizan los caciques de la comunidad wich\u00ed, la presidenta del Poder Legislativo, Elida Cuesta, present\u00f3 este jueves el proyecto de ley 1054 que propone declarar patrimonio cultural viviente del Chaco a los caciques Eliceo Ybarra, Daniel Digan, Amancio Reinoso, Fermina Tolaba, Cirilo Mancilla, Mariano Gonz\u00e1lez y Lorenzo Matorras.<br>Estos caciques desempe\u00f1an su labor en las comunidades de los parajes El Sauzal, El Pintado, El Sauzalito, Los Tres Pozos, El Vizcacheral, El Tartagal y Fort\u00edn Belgrano.<br>Cuesta destac\u00f3 la importancia de reconocer en vida a las personas que realizan un aporte importante a sus comunidades y sirven de gu\u00edas. \u201cEllos constituyen una parte de la historia viva de nuestros pueblos originarios, por lo que reconocerlos como patrimonio cultural viviente es una reparaci\u00f3n hist\u00f3rica para que el Estado provincial los contenga y brinde una mejor calidad de vida\u201d, asegur\u00f3 la titular legislativa.<br>Asimismo, agradeci\u00f3 a dirigente Amalia P\u00e9rez por acercar la iniciativa, ser el nexo entre las comunidades y su compromiso social. \u201cEstamos felices de que Amalia haya hecho tantos kil\u00f3metros para acercarnos esta iniciativa tan importante para la comunidad. Esta declaraci\u00f3n de patrimonio cultural viviente ya lo hicimos en la Legislatura con Santa Pino y tambi\u00e9n con Rosa Grilo, por lo que vamos a trabajar para alcanzar los consensos necesarios para que Amalia pueda llevar este proyecto aprobado a las comunidades de El Impenetrable\u201d, asever\u00f3 la presidenta.<br>La legisladora Andrea Charole remarc\u00f3, por su parte, la importancia de que la Casa de la Democracia pueda aportar un granito de arena para mejorar la vida de estos caciques que tanto bien hacen a los pueblos originarios. \u201cEste proyecto reivindica los derechos y tambi\u00e9n el trabajo social que hacen nuestros caciques de la zona de El Sauzalito. Agradezco a Amalia que es quien impuls\u00f3 este proyecto recorriendo la zona del norte y nos haya tra\u00eddo tambi\u00e9n los materiales para armar esta iniciativa\u201d, manifest\u00f3.<br>Personas que brindan su vida a la comunidad<br>En tanto P\u00e9rez afirm\u00f3 estar convencida de que este proyecto es muy importante para la comunidad de los pueblos originarios de la localidad, ya que \u201cincluye dos objetivos importantes, uno es declarar patrimonio cultural viviente a los caciques de El Sauzalito, que en total son siete, y el otro es que perciban una pensi\u00f3n graciable, ya que son los dirigentes m\u00e1s importantes de las comunidades y atienden todas las necesidades de la poblaci\u00f3n, como ser educaci\u00f3n, salud, solidaridad, problemas sociales\u201d. En este sentido marc\u00f3 la importancia del proyecto para que sean reconocidos y tambi\u00e9n espera el acompa\u00f1amiento de todos los legisladores<\/p>\n","protected":false},"excerpt":{"rendered":"<p>Con el objetivo de destacar y reconocer el aporte social, cultural e hist\u00f3rico que realizan los caciques de la comunidad wich\u00ed, la presidenta del Poder Legislativo, Elida Cuesta, present\u00f3 este jueves el proyecto de ley 1054 que propone declarar patrimonio cultural viviente del Chaco a los caciques Eliceo Ybarra, Daniel Digan, Amancio Reinoso, Fermina Tolaba, [&hellip;]<\/p>\n","protected":false},"author":1,"featured_media":21016,"comment_status":"closed","ping_status":"closed","sticky":false,"template":"","format":"standard","meta":{"footnotes":""},"categories":[6],"tags":[202],"class_list":{"0":"post-21015","1":"post","2":"type-post","3":"status-publish","4":"format-standard","5":"has-post-thumbnail","7":"category-chaco","8":"tag-legislatura"},"_links":{"self":[{"href":"https:\/\/chacosintesis.com.ar\/index.php\/wp-json\/wp\/v2\/posts\/21015","targetHints":{"allow":["GET"]}}],"collection":[{"href":"https:\/\/chacosintesis.com.ar\/index.php\/wp-json\/wp\/v2\/posts"}],"about":[{"href":"https:\/\/chacosintesis.com.ar\/index.php\/wp-json\/wp\/v2\/types\/post"}],"author":[{"embeddable":true,"href":"https:\/\/chacosintesis.com.ar\/index.php\/wp-json\/wp\/v2\/users\/1"}],"replies":[{"embeddable":true,"href":"https:\/\/chacosintesis.com.ar\/index.php\/wp-json\/wp\/v2\/comments?post=21015"}],"version-history":[{"count":0,"href":"https:\/\/chacosintesis.com.ar\/index.php\/wp-json\/wp\/v2\/posts\/21015\/revisions"}],"wp:featuredmedia":[{"embeddable":true,"href":"https:\/\/chacosintesis.com.ar\/index.php\/wp-json\/wp\/v2\/media\/21016"}],"wp:attachment":[{"href":"https:\/\/chacosintesis.com.ar\/index.php\/wp-json\/wp\/v2\/media?parent=21015"}],"wp:term":[{"taxonomy":"category","embeddable":true,"href":"https:\/\/chacosintesis.com.ar\/index.php\/wp-json\/wp\/v2\/categories?post=21015"},{"taxonomy":"post_tag","embeddable":true,"href":"https:\/\/chacosintesis.com.ar\/index.php\/wp-json\/wp\/v2\/tags?post=21015"}],"curies":[{"name":"wp","href":"https:\/\/api.w.org\/{rel}","templated":true}]}}