{"id":21012,"date":"2023-04-26T14:10:11","date_gmt":"2023-04-26T17:10:11","guid":{"rendered":"https:\/\/chacosintesis.com.ar\/?p=21012"},"modified":"2023-05-01T14:12:36","modified_gmt":"2023-05-01T17:12:36","slug":"cuesta-propone-que-la-provincia-se-adhiera-a-la-ley-lucio","status":"publish","type":"post","link":"https:\/\/chacosintesis.com.ar\/index.php\/cuesta-propone-que-la-provincia-se-adhiera-a-la-ley-lucio\/","title":{"rendered":"Cuesta propone que la provincia se adhiera a la Ley Lucio"},"content":{"rendered":"\n<p>La presidenta del Poder Legislativo, Elida Cuesta, present\u00f3 un proyecto que tiene como objetivo adherir al Chaco a la Ley Nacional de Creaci\u00f3n del Plan Federal de Capacitaci\u00f3n sobre Derechos de Ni\u00f1as, Ni\u00f1os y Adolescentes, denominada Ley Lucio. La idea propone que del mismo modo que establece la normativa nacional, la capacitaci\u00f3n ser\u00e1 para las y los agentes que se desempe\u00f1en en \u00e1reas y dependencias de los poderes Ejecutivo, Legislativo y Judicial, como as\u00ed tambi\u00e9n de las administraciones provinciales, municipales y de organizaciones sociales, deportivas, recreativas y culturales.<br>De sancionarse, uno de los puntos manifiesta que el Poder Ejecutivo determinar\u00e1 por v\u00eda reglamentaria la autoridad de aplicaci\u00f3n de la presente norma para el cumplimiento de los principios rectores, contenidos y dem\u00e1s disposiciones establecidas en la ley nacional de menci\u00f3n, de manera coordinada con los dem\u00e1s poderes del Estado provincial.<br>Cuesta argumenta que la iniciativa legislativa pretende capacitar a quienes integran los diferentes organismos del Estado, con el fin de que todas y todos los funcionarios p\u00fablicos conozcan sobre estos derechos en pos de velar por el respeto de estos conforme lo establecido en la Convenci\u00f3n de los Derechos del Ni\u00f1o y \u201cse generen las condiciones para una convivencia social fundada en v\u00ednculos de afecto y buen trato, como as\u00ed tambi\u00e9n la promoci\u00f3n de espacios que garanticen los derechos de las ni\u00f1as, ni\u00f1os y adolescentes\u201d.<br>La legisladora manifiesta asimismo que la mencionada ley facultar\u00e1 a la Secretar\u00eda Nacional de Ni\u00f1ez, Adolescencia y Familia, ya que \u201cse promueven herramientas para proteger a las y los ni\u00f1os; la reserva de identidad y protecci\u00f3n para docentes, m\u00e9dicos y agentes que est\u00e1n obligados a denunciar hechos de abuso y violencia; campa\u00f1as nacionales de comunicaci\u00f3n para la concienciaci\u00f3n sobre las alertas tempranas que detecten estas situaciones\u201d.<br>Finalmente, la titular legislativa se\u00f1ala que \u201csostenemos la posici\u00f3n de redoblar los esfuerzos en materia de capacitaci\u00f3n sobre ni\u00f1ez, adolescencia y familia, otorgando las herramientas necesarias para dotar a las y los agentes p\u00fablicos de una formaci\u00f3n integral en esta tem\u00e1tica y, en consecuencia, brindar respuestas superadoras en la prestaci\u00f3n de los servicios a cargo del Estado, para as\u00ed garantizar los derechos para nuestras ni\u00f1as y ni\u00f1os\u201d<\/p>\n","protected":false},"excerpt":{"rendered":"<p>La presidenta del Poder Legislativo, Elida Cuesta, present\u00f3 un proyecto que tiene como objetivo adherir al Chaco a la Ley Nacional de Creaci\u00f3n del Plan Federal de Capacitaci\u00f3n sobre Derechos de Ni\u00f1as, Ni\u00f1os y Adolescentes, denominada Ley Lucio. La idea propone que del mismo modo que establece la normativa nacional, la capacitaci\u00f3n ser\u00e1 para las [&hellip;]<\/p>\n","protected":false},"author":1,"featured_media":21013,"comment_status":"closed","ping_status":"closed","sticky":false,"template":"","format":"standard","meta":{"footnotes":""},"categories":[6],"tags":[202],"class_list":{"0":"post-21012","1":"post","2":"type-post","3":"status-publish","4":"format-standard","5":"has-post-thumbnail","7":"category-chaco","8":"tag-legislatura"},"_links":{"self":[{"href":"https:\/\/chacosintesis.com.ar\/index.php\/wp-json\/wp\/v2\/posts\/21012","targetHints":{"allow":["GET"]}}],"collection":[{"href":"https:\/\/chacosintesis.com.ar\/index.php\/wp-json\/wp\/v2\/posts"}],"about":[{"href":"https:\/\/chacosintesis.com.ar\/index.php\/wp-json\/wp\/v2\/types\/post"}],"author":[{"embeddable":true,"href":"https:\/\/chacosintesis.com.ar\/index.php\/wp-json\/wp\/v2\/users\/1"}],"replies":[{"embeddable":true,"href":"https:\/\/chacosintesis.com.ar\/index.php\/wp-json\/wp\/v2\/comments?post=21012"}],"version-history":[{"count":0,"href":"https:\/\/chacosintesis.com.ar\/index.php\/wp-json\/wp\/v2\/posts\/21012\/revisions"}],"wp:featuredmedia":[{"embeddable":true,"href":"https:\/\/chacosintesis.com.ar\/index.php\/wp-json\/wp\/v2\/media\/21013"}],"wp:attachment":[{"href":"https:\/\/chacosintesis.com.ar\/index.php\/wp-json\/wp\/v2\/media?parent=21012"}],"wp:term":[{"taxonomy":"category","embeddable":true,"href":"https:\/\/chacosintesis.com.ar\/index.php\/wp-json\/wp\/v2\/categories?post=21012"},{"taxonomy":"post_tag","embeddable":true,"href":"https:\/\/chacosintesis.com.ar\/index.php\/wp-json\/wp\/v2\/tags?post=21012"}],"curies":[{"name":"wp","href":"https:\/\/api.w.org\/{rel}","templated":true}]}}