{"id":21009,"date":"2023-04-24T13:06:00","date_gmt":"2023-04-24T16:06:00","guid":{"rendered":"https:\/\/chacosintesis.com.ar\/?p=21009"},"modified":"2023-05-01T14:10:07","modified_gmt":"2023-05-01T17:10:07","slug":"profesionales-de-barranqueras-vilelas-e-isla-del-cerrito-recibieron-ejemplares-del-compendio-tematico-de-las-violencias","status":"publish","type":"post","link":"https:\/\/chacosintesis.com.ar\/index.php\/profesionales-de-barranqueras-vilelas-e-isla-del-cerrito-recibieron-ejemplares-del-compendio-tematico-de-las-violencias\/","title":{"rendered":"Profesionales de Barranqueras, Vilelas e Isla del Cerrito recibieron ejemplares del Compendio Tem\u00e1tico de las Violencias"},"content":{"rendered":"\n<p>Con un manifiesto compromiso del Poder Legislativo en generar herramientas que permitan la prevenci\u00f3n, erradicaci\u00f3n y tratamiento de las violencias, la presidenta Elida Cuesta y su par Jessica Ayala entregaron ejemplares de la obra Compendio Tem\u00e1tico de las Violencias a la Comisi\u00f3n de Abogados de Barranqueras, Puerto Vilelas e Isla del Cerrito. \u201cNuestro objetivo es que cada jurista chaque\u00f1o tenga esta recopilaci\u00f3n de todas las leyes provinciales, nacionales e internacionales, para ayudar a agilizar los procesos de la Justicia\u201d, destac\u00f3 Cuesta.<br>Tras la entrega de los ejemplares, la titular legislativa continu\u00f3 remarcando que \u201cdesde el d\u00eda que editamos este compendio dijimos que quer\u00edamos llegar a todos los lugares posibles, a todas las localidades; y es por eso que llegamos hasta la Comisi\u00f3n del Consejo de Abogados de Barranqueras, Vilelas e Isla del Cerrito\u201d. Se\u00f1al\u00f3 tambi\u00e9n que m\u00e1s compendios van a ser distribuidos a las y los trabajadores judiciales, quienes tienen el deber de impartir justicia en los casos que tienen y muy a menudo son denuncias por distintos tipos de violencia, pero especialmente este flagelo de la violencia de g\u00e9nero.<br>\u201cMe comentaban reci\u00e9n lo \u00fatil que es para ellos tener en un compendio toda la tem\u00e1tica junta, lo que tambi\u00e9n responde a un pedido de la sociedad, que es que la justicia llegue m\u00e1s r\u00e1pido, de una manera m\u00e1s eficiente. Por ah\u00ed los tiempos de la Justicia no son los mismos de los que la gente est\u00e1 necesitando\u201d, sostuvo Cuesta.<br>Para Ayala es un material muy interesante que viene a ayudar a las y los profesionales. &#8220;En particular por la visita a Barranqueras, que nos permite tambi\u00e9n facilitar y posibilitar que colegas, y colegas j\u00f3venes sobre todo, tengan acceso a este importante material\u201d. Coincidi\u00f3 con su par que el trabajo mancomunado con las instituciones es lo que realmente ayuda a que los tiempos se acorten y ese tiempo sirva para llevar justicia a muchas familias que hoy necesitan.<br>En ese sentido, el director de la Comisi\u00f3n, Hern\u00e1n Cordon, se\u00f1al\u00f3 que \u201ces un honor para nosotros recibir este compendio. Es una herramienta importante para la pr\u00e1ctica y el ejercicio de la profesi\u00f3n todos los d\u00edas, ya que somos muchos quienes integramos esta instituci\u00f3n. Estamos muy agradecidos con la presidenta de la C\u00e1mara de Diputados por su colaboraci\u00f3n\u201d<\/p>\n","protected":false},"excerpt":{"rendered":"<p>Con un manifiesto compromiso del Poder Legislativo en generar herramientas que permitan la prevenci\u00f3n, erradicaci\u00f3n y tratamiento de las violencias, la presidenta Elida Cuesta y su par Jessica Ayala entregaron ejemplares de la obra Compendio Tem\u00e1tico de las Violencias a la Comisi\u00f3n de Abogados de Barranqueras, Puerto Vilelas e Isla del Cerrito. \u201cNuestro objetivo es [&hellip;]<\/p>\n","protected":false},"author":1,"featured_media":21010,"comment_status":"closed","ping_status":"closed","sticky":false,"template":"","format":"standard","meta":{"footnotes":""},"categories":[6],"tags":[202],"class_list":{"0":"post-21009","1":"post","2":"type-post","3":"status-publish","4":"format-standard","5":"has-post-thumbnail","7":"category-chaco","8":"tag-legislatura"},"_links":{"self":[{"href":"https:\/\/chacosintesis.com.ar\/index.php\/wp-json\/wp\/v2\/posts\/21009","targetHints":{"allow":["GET"]}}],"collection":[{"href":"https:\/\/chacosintesis.com.ar\/index.php\/wp-json\/wp\/v2\/posts"}],"about":[{"href":"https:\/\/chacosintesis.com.ar\/index.php\/wp-json\/wp\/v2\/types\/post"}],"author":[{"embeddable":true,"href":"https:\/\/chacosintesis.com.ar\/index.php\/wp-json\/wp\/v2\/users\/1"}],"replies":[{"embeddable":true,"href":"https:\/\/chacosintesis.com.ar\/index.php\/wp-json\/wp\/v2\/comments?post=21009"}],"version-history":[{"count":0,"href":"https:\/\/chacosintesis.com.ar\/index.php\/wp-json\/wp\/v2\/posts\/21009\/revisions"}],"wp:featuredmedia":[{"embeddable":true,"href":"https:\/\/chacosintesis.com.ar\/index.php\/wp-json\/wp\/v2\/media\/21010"}],"wp:attachment":[{"href":"https:\/\/chacosintesis.com.ar\/index.php\/wp-json\/wp\/v2\/media?parent=21009"}],"wp:term":[{"taxonomy":"category","embeddable":true,"href":"https:\/\/chacosintesis.com.ar\/index.php\/wp-json\/wp\/v2\/categories?post=21009"},{"taxonomy":"post_tag","embeddable":true,"href":"https:\/\/chacosintesis.com.ar\/index.php\/wp-json\/wp\/v2\/tags?post=21009"}],"curies":[{"name":"wp","href":"https:\/\/api.w.org\/{rel}","templated":true}]}}