{"id":21002,"date":"2023-04-29T17:14:58","date_gmt":"2023-04-29T20:14:58","guid":{"rendered":"https:\/\/chacosintesis.com.ar\/?p=21002"},"modified":"2023-04-29T17:36:45","modified_gmt":"2023-04-29T20:36:45","slug":"jorge-capitanich-analia-rach-quiroga-la-formula-del-frente-chaqueno-para-las-paso-2023","status":"publish","type":"post","link":"https:\/\/chacosintesis.com.ar\/index.php\/jorge-capitanich-analia-rach-quiroga-la-formula-del-frente-chaqueno-para-las-paso-2023\/","title":{"rendered":"Jorge Capitanich-Anal\u00eda Rach Quiroga, la f\u00f3rmula del Frente Chaque\u00f1o para las PASO 2023"},"content":{"rendered":"<p>La alianza oficialista defini\u00f3 su f\u00f3rmula electoral para las Primarias, Abiertas Simult\u00e1neas y Obligatorias del pr\u00f3ximo 18 de junio.<\/p>\n<p>El Frente Chaque\u00f1o defini\u00f3 este s\u00e1bado al mediod\u00eda la f\u00f3rmula electoral que lo representar\u00e1 en las pr\u00f3ximas elecciones Primarias, Abiertas, Simult\u00e1neas y Obligatorias (PASO) de este pr\u00f3ximo 18 de junio en la provincia. Se trata de Jorge Capitanich y Anal\u00eda Rach Quiroga, binomio que consigui\u00f3 el triunfo electoral en 2019 y actualmente se encuentra al frente del Poder Ejecutivo chaque\u00f1o.<br \/>\n\u201cJunto a Anal\u00eda, vamos a seguir poniendo el coraz\u00f3n, el cuerpo y la cabeza para que cada chaque\u00f1o y chaque\u00f1a pueda vivir mejor y c\u00f3mo se merece. Vamos a seguir dejando el coraz\u00f3n en la cancha para hacer de nuestra gesti\u00f3n, la que mejor se recuerde en cada uno de los corazones de la gente\u201d, expres\u00f3 el gobernador.<br \/>\nHacia su pr\u00f3xima gesti\u00f3n, Capitanich y Rach Quiroga implementar\u00e1n el ambicioso Plan Quinquenal 2023-2027 con pol\u00edticas p\u00fablicas en tres ejes: producci\u00f3n y empleo, inclusi\u00f3n social, y gesti\u00f3n p\u00fablica de calidad. El objetivo: completar la infraestructura f\u00edsica y social, consolidar cadenas de valor y promover el empleo privado para transformar a Chaco en una potencia para la regi\u00f3n del Norte Grande Argentino.<br \/>\nTodas las acciones que derivan de estos ejes est\u00e1n alineadas con los objetivos del Plan Chaco 2030, con el Plan Estrat\u00e9gico Territorial (PET 2022) y se enmarcan adem\u00e1s en los objetivos de Desarrollo Sostenible 2030. Una de las metas centrales es lograr que Chaco sea referencia regional en materia de producci\u00f3n agroalimentaria, industrial, energ\u00e9tica, ambiental, tur\u00edstica y cultural.<br \/>\n\u201cHoy tenemos m\u00e1s experiencia, capacidad de gesti\u00f3n demostrada, m\u00e1s energ\u00eda que antes y un gran entusiasmo para seguir realizando acciones que cambien la vida para siempre\u201d, subray\u00f3 el tres veces gobernador de la provincia. Capitanich quien adem\u00e1s asegur\u00f3 que \u201clos chaque\u00f1os y las chaque\u00f1as saben de nuestra capacidad de gesti\u00f3n, porque lo demostramos con hechos, trabajando incansablemente, d\u00eda a d\u00eda y noche a noche, sin parar y fuimos capaces de transformar sue\u00f1os, en realidades\u201d.<br \/>\nEl frente oficialista<\/p>\n<p>El Frente Chaque\u00f1o est\u00e1 integrado por 28 partidos pol\u00edticos y cuenta con la adhesi\u00f3n de 50 agrupaciones de toda la provincia.<br \/>\nLa presentaci\u00f3n fue realizada el pasado mi\u00e9rcoles 19 de abril ante el Tribunal Electoral del Chaco, fecha en que se cumpli\u00f3 el plazo para la presentaci\u00f3n de frentes y alianzas electorales que competir\u00e1n en las PASO. La presentaci\u00f3n fue realizada oportunamente  por el apoderado, Jorge Alc\u00e1ntara, el apoderado suplente, Gerardo Stancheff, y el presidente de la Junta Electoral del Frente Chaque\u00f1o, V\u00edctor Stambuli.<br \/>\nEl cronograma electoral continuar\u00e1 este 29 de abril, hasta la medianoche, con el cierre del plazo para la oficializaci\u00f3n de listas ante las Juntas Electorales Partidarias, que ser\u00e1n las encargadas de realizar el control de requisitos, oficializarse, y comunicar las listas al Tribunal Electoral, con tiempo hasta el 4 de mayo a la medianoche.<br \/>\nLos partidos que integran el Frente Chaque\u00f1o son:<br \/>\n\u2022 Partido Justicialista<br \/>\n\u2022 Partido Cambio Popular<br \/>\n\u2022 Partido Causa Reparadora<br \/>\n\u2022 Partido Compromiso Chaque\u00f1o<br \/>\n\u2022 Partido Copebo<br \/>\n\u2022 Partido Dar<br \/>\n\u2022 Partido de la Victoria<br \/>\n\u2022 Partido Dem\u00f3crata<br \/>\n\u2022 Partido Equidad<br \/>\n\u2022 Partido Fe<br \/>\n\u2022 Partido Federal Kompromiso y Kambio<br \/>\n\u2022 Partido Forja<br \/>\n\u2022 Partido Frente Grande<br \/>\n\u2022  Partido Frente para el Cambio<br \/>\n\u2022 Partido Idea<br \/>\n\u2022 Partido La Nueva Opci\u00f3n<br \/>\n\u2022 Partido Libres del Sur<br \/>\n\u2022 Partido Movimiento de Bases<br \/>\n\u2022 Partido Nepar<br \/>\n\u2022 Partido Nuevo Encuentro<br \/>\n\u2022 Partido Pachu<br \/>\n\u2022 Partido Participaci\u00f3n Ciudadana<br \/>\n\u2022 Partido Proyecto Popular<br \/>\n\u2022 Partido Proyecto Sur<br \/>\n\u2022 Partido PTP<br \/>\n\u2022 Partido Socialistas Unidos por el Chaco<br \/>\n\u2022 Partido Unidos por Chaco<br \/>\n\u2022 Partido Uni\u00f3n para el Progreso<\/p>\n","protected":false},"excerpt":{"rendered":"<p>La alianza oficialista defini\u00f3 su f\u00f3rmula electoral para las Primarias, Abiertas Simult\u00e1neas y Obligatorias del pr\u00f3ximo 18 de junio. El Frente Chaque\u00f1o defini\u00f3 este s\u00e1bado al mediod\u00eda la f\u00f3rmula electoral que lo representar\u00e1 en las pr\u00f3ximas elecciones Primarias, Abiertas, Simult\u00e1neas y Obligatorias (PASO) de este pr\u00f3ximo 18 de junio en la provincia. Se trata de [&hellip;]<\/p>\n","protected":false},"author":1,"featured_media":21003,"comment_status":"closed","ping_status":"closed","sticky":false,"template":"","format":"standard","meta":{"footnotes":""},"categories":[6],"tags":[],"class_list":{"0":"post-21002","1":"post","2":"type-post","3":"status-publish","4":"format-standard","5":"has-post-thumbnail","7":"category-chaco"},"_links":{"self":[{"href":"https:\/\/chacosintesis.com.ar\/index.php\/wp-json\/wp\/v2\/posts\/21002","targetHints":{"allow":["GET"]}}],"collection":[{"href":"https:\/\/chacosintesis.com.ar\/index.php\/wp-json\/wp\/v2\/posts"}],"about":[{"href":"https:\/\/chacosintesis.com.ar\/index.php\/wp-json\/wp\/v2\/types\/post"}],"author":[{"embeddable":true,"href":"https:\/\/chacosintesis.com.ar\/index.php\/wp-json\/wp\/v2\/users\/1"}],"replies":[{"embeddable":true,"href":"https:\/\/chacosintesis.com.ar\/index.php\/wp-json\/wp\/v2\/comments?post=21002"}],"version-history":[{"count":0,"href":"https:\/\/chacosintesis.com.ar\/index.php\/wp-json\/wp\/v2\/posts\/21002\/revisions"}],"wp:featuredmedia":[{"embeddable":true,"href":"https:\/\/chacosintesis.com.ar\/index.php\/wp-json\/wp\/v2\/media\/21003"}],"wp:attachment":[{"href":"https:\/\/chacosintesis.com.ar\/index.php\/wp-json\/wp\/v2\/media?parent=21002"}],"wp:term":[{"taxonomy":"category","embeddable":true,"href":"https:\/\/chacosintesis.com.ar\/index.php\/wp-json\/wp\/v2\/categories?post=21002"},{"taxonomy":"post_tag","embeddable":true,"href":"https:\/\/chacosintesis.com.ar\/index.php\/wp-json\/wp\/v2\/tags?post=21002"}],"curies":[{"name":"wp","href":"https:\/\/api.w.org\/{rel}","templated":true}]}}