{"id":21000,"date":"2023-04-29T17:10:58","date_gmt":"2023-04-29T20:10:58","guid":{"rendered":"https:\/\/chacosintesis.com.ar\/?p=21000"},"modified":"2023-04-29T17:36:45","modified_gmt":"2023-04-29T20:36:45","slug":"delfina-veirave-acopanara-a-juan-carlos-polini-en-la-formula-gubernamental","status":"publish","type":"post","link":"https:\/\/chacosintesis.com.ar\/index.php\/delfina-veirave-acopanara-a-juan-carlos-polini-en-la-formula-gubernamental\/","title":{"rendered":"Delfina Veirav\u00e9 acopa\u00f1ar\u00e1 a Juan Carlos Polini en la formula gubernamental"},"content":{"rendered":"<p>En el Parque de la Democracia de Resistencia y con el acompa\u00f1amiento de intendentes, legisladores provinciales y nacionales, precandidatos, representantes de la Juventud Radical, dirigentes y vecinos, Juan Carlos Polini present\u00f3 a la ex rectora de la Universidad Nacional del Nordeste, profesora Delfina Veirav\u00e9 como su compa\u00f1era de f\u00f3rmula de cara a las elecciones de este a\u00f1o.<br \/>\nAl respecto expres\u00f3 &#8220;Entiendo que la educaci\u00f3n debe ser el eje central y transversal de las pol\u00edticas p\u00fablicas de un gobierno para poder sacar adelante nuestra provincia, as\u00ed ser\u00e1 en nuestro gobierno, la educaci\u00f3n del Chaco se encuentra en un estado calamitoso, j\u00f3venes que no terminan el nivel medio y si lo hacen no tiene los conocimientos necesarios para continuar sus estudios superiores o insertarse en el mundo laboral, necesitamos enfocarnos en la construcci\u00f3n de una nueva sociedad, adaptada a las nuevas demandas, y la educaci\u00f3n es la principal respuesta para lograr ese objetivo\u201d<br \/>\nY record\u00f3 que \u201cDelfina forma parte del equipo desde el inicio de este desaf\u00edo, cuando la convocamos para llevar adelante junto a Jorge Pilar y muchos otros profesionales, referentes de instituciones, de asociaciones sociales, referentes gremiales el Centro de Desarrollo de Pol\u00edticas P\u00fablicas, no dud\u00f3 un instante  en ponerse a trabajar en nuestro programa de gobierno, somos un gran equipo, s\u00f3lido, con objetivos firmes, es por eso que con A\u00edda en Resistencia, con Bruno y Carim en S\u00e1enz Pe\u00f1a, con quienes est\u00e1n en gesti\u00f3n y con todos los dem\u00e1s precandidatos, vamos a liderar el cambio que tanto necesita nuestra provincia\u201d<br \/>\nFinalmente se\u00f1al\u00f3 \u201cEstamos convencidos que este es el mensaje y el equipo que necesita la sociedad, servidores p\u00fablicos, empresarios, comerciantes, productores, emprendedores que conocen lo que es levantarse temprano para trabajar de lunes a lunes y de sol a sol, pagar sueldos, impuestos, gestionar,  hoy m\u00e1s que m\u00e1s que nunca urgen las soluciones, por eso es un orgullo y me siento muy honrado que Delfina haya aceptado acompa\u00f1arme, s\u00e9 que se vienen grandes cosas para el Chaco porque venimos a dar lo mejor de nosotros&#8221;. .<br \/>\nDelfina Veirav\u00e9: \u201cChaco necesita salir del cortoplacismo con planificaci\u00f3n\u201d<br \/>\nPor su parte la flamante precandidata a vicegobernadora dijo estar agradecida por la convocatoria &#8220;Hace muchos a\u00f1os decid\u00ed que la pol\u00edtica es la \u00fanica herramienta que va a cambiar la realidad, vengo a ofrecer mi tiempo, mi trabajo y mi experiencia,  y es una alegr\u00eda acompa\u00f1ar a Juan Carlos, alguien que viene del mundo del trabajo y la producci\u00f3n, que conoce de primera mano la realidad del pueblo chaque\u00f1o, la provincia necesita planificaci\u00f3n estrat\u00e9gica para salir del cortoplacismo que hoy define los destinos de miles de ciudadanos\u201d<br \/>\nTambi\u00e9n hizo un especial reconocimiento a las mujeres \u201cPercibo un gran acompa\u00f1amiento desde siempre, quiero hacerles saber que aqu\u00ed estoy para defender e impulsar ese lugar de igualdad que reafirmamos a diario&#8221;.<\/p>\n","protected":false},"excerpt":{"rendered":"<p>En el Parque de la Democracia de Resistencia y con el acompa\u00f1amiento de intendentes, legisladores provinciales y nacionales, precandidatos, representantes de la Juventud Radical, dirigentes y vecinos, Juan Carlos Polini present\u00f3 a la ex rectora de la Universidad Nacional del Nordeste, profesora Delfina Veirav\u00e9 como su compa\u00f1era de f\u00f3rmula de cara a las elecciones de [&hellip;]<\/p>\n","protected":false},"author":1,"featured_media":21001,"comment_status":"closed","ping_status":"closed","sticky":false,"template":"","format":"standard","meta":{"footnotes":""},"categories":[6],"tags":[],"class_list":{"0":"post-21000","1":"post","2":"type-post","3":"status-publish","4":"format-standard","5":"has-post-thumbnail","7":"category-chaco"},"_links":{"self":[{"href":"https:\/\/chacosintesis.com.ar\/index.php\/wp-json\/wp\/v2\/posts\/21000","targetHints":{"allow":["GET"]}}],"collection":[{"href":"https:\/\/chacosintesis.com.ar\/index.php\/wp-json\/wp\/v2\/posts"}],"about":[{"href":"https:\/\/chacosintesis.com.ar\/index.php\/wp-json\/wp\/v2\/types\/post"}],"author":[{"embeddable":true,"href":"https:\/\/chacosintesis.com.ar\/index.php\/wp-json\/wp\/v2\/users\/1"}],"replies":[{"embeddable":true,"href":"https:\/\/chacosintesis.com.ar\/index.php\/wp-json\/wp\/v2\/comments?post=21000"}],"version-history":[{"count":0,"href":"https:\/\/chacosintesis.com.ar\/index.php\/wp-json\/wp\/v2\/posts\/21000\/revisions"}],"wp:featuredmedia":[{"embeddable":true,"href":"https:\/\/chacosintesis.com.ar\/index.php\/wp-json\/wp\/v2\/media\/21001"}],"wp:attachment":[{"href":"https:\/\/chacosintesis.com.ar\/index.php\/wp-json\/wp\/v2\/media?parent=21000"}],"wp:term":[{"taxonomy":"category","embeddable":true,"href":"https:\/\/chacosintesis.com.ar\/index.php\/wp-json\/wp\/v2\/categories?post=21000"},{"taxonomy":"post_tag","embeddable":true,"href":"https:\/\/chacosintesis.com.ar\/index.php\/wp-json\/wp\/v2\/tags?post=21000"}],"curies":[{"name":"wp","href":"https:\/\/api.w.org\/{rel}","templated":true}]}}