{"id":20994,"date":"2023-04-29T09:35:48","date_gmt":"2023-04-29T12:35:48","guid":{"rendered":"https:\/\/chacosintesis.com.ar\/?p=20994"},"modified":"2023-04-29T09:36:59","modified_gmt":"2023-04-29T12:36:59","slug":"juan-carlos-polini-y-aida-ayala-escucharon-a-vecinos-que-no-pueden-pagar-la-boleta-de-la-luz","status":"publish","type":"post","link":"https:\/\/chacosintesis.com.ar\/index.php\/juan-carlos-polini-y-aida-ayala-escucharon-a-vecinos-que-no-pueden-pagar-la-boleta-de-la-luz\/","title":{"rendered":"Juan Carlos Polini y A\u00edda Ayala escucharon a vecinos que no pueden pagar la boleta de la luz"},"content":{"rendered":"<p>El farmac\u00e9utico, productor agropecuario y precandidato a gobernador del Chaco, Juan Carlos Polini junto a la precandidata a intendente de Resistencia, A\u00edda Ayala, escucharon a vecinos preocupados por el tarifazo de Secheep. Ambos candidatos a dirigir la provincia y la ciudad atendieron los reclamos y adelantaron las medidas adoptar tras asumir sus respectivos cargos el 10 de diciembre.<br \/>\nPolini: \u201cVamos a poner orden en el Chaco\u201d<br \/>\nTras escuchar a los vecinos angustiados por no poder pagar la factura de Secheep, el precandidato a gobernador del Chaco, Juan Carlos Polini, expres\u00f3 su posici\u00f3n \u201cEste tarifazo es consecuencia del desorden administrativo y el desmanejo del dinero de los usuarios, las facturas de Secheep representan hoy un 20 o 30% de un salario o una jubilaci\u00f3n, no hay l\u00f3gica, cuando uno ve la variabilidad de  las facturas es como que de pronto habitan los domicilios el doble o triple de personas, o como si se hubiesen incorporado una gran cantidad de electrodom\u00e9sticos, y no es as\u00ed,  y sumado a esto el gobernador ofrece un cr\u00e9dito en 3 cuotas para pagar, es la primera vez que ocurre esto, las familias no saben si pagar la luz o comer\u201d y agreg\u00f3 \u201cEl problema no es la falta de recursos sino el desmanejo, esta situaci\u00f3n en Secheep se solucionan poniendo orden, con un manejo transparente del dinero de los usuarios, eso nos permitir\u00e1 bajar la tarifa un 30% y hacer las inversiones necesarias para poner fin a los cortes de energ\u00eda que tanto da\u00f1o ocasionan a la poblaci\u00f3n\u201d<br \/>\nAida: \u201cSabemos como liderar el cambio\u201d<br \/>\nConsultada sobre la situaci\u00f3n de vecinos a los que se les dificulta el pago de la factura de energ\u00eda, la precandidata a la intendencia de Resistencia A\u00edda Ayala se\u00f1al\u00f3 \u201cEscuchamos la situaci\u00f3n de trabajadores, jubilados, todos con una gran angustia por este tarifazo de Secheep que sin lugar a dudas constituye una estafa, Resistencia duele, el Chaco duele, esta es una de las caras de ese sufrimiento\u201d.<br \/>\nEn ese contexto se refiri\u00f3 al alumbrado p\u00fablico \u201cNo se sabe que convenio tiene Secheep con la Municipalidad, los vecinos pagan en cada factura un 10.74% en concepto de alumbrado y la ciudad hace a\u00f1os que est\u00e1  oscuras, hecho que atenta contra la seguridad de los familias, por eso queremos conducir la ciudad y la provincia, vamos a revisar todo cambiando lo que sea necesario para volver a la normalidad, recuperar el programa de uso de energ\u00edas alternativas como ya lo hab\u00edamos hecho en la peatonal, energ\u00eda solar, para tener una Resistencia y un Chaco distinto, hay que hacer cosas distintas, nosotros sabemos como hacerlo\u201d<\/p>\n","protected":false},"excerpt":{"rendered":"<p>El farmac\u00e9utico, productor agropecuario y precandidato a gobernador del Chaco, Juan Carlos Polini junto a la precandidata a intendente de Resistencia, A\u00edda Ayala, escucharon a vecinos preocupados por el tarifazo de Secheep. Ambos candidatos a dirigir la provincia y la ciudad atendieron los reclamos y adelantaron las medidas adoptar tras asumir sus respectivos cargos el [&hellip;]<\/p>\n","protected":false},"author":1,"featured_media":20995,"comment_status":"closed","ping_status":"closed","sticky":false,"template":"","format":"standard","meta":{"footnotes":""},"categories":[6],"tags":[],"class_list":{"0":"post-20994","1":"post","2":"type-post","3":"status-publish","4":"format-standard","5":"has-post-thumbnail","7":"category-chaco"},"_links":{"self":[{"href":"https:\/\/chacosintesis.com.ar\/index.php\/wp-json\/wp\/v2\/posts\/20994","targetHints":{"allow":["GET"]}}],"collection":[{"href":"https:\/\/chacosintesis.com.ar\/index.php\/wp-json\/wp\/v2\/posts"}],"about":[{"href":"https:\/\/chacosintesis.com.ar\/index.php\/wp-json\/wp\/v2\/types\/post"}],"author":[{"embeddable":true,"href":"https:\/\/chacosintesis.com.ar\/index.php\/wp-json\/wp\/v2\/users\/1"}],"replies":[{"embeddable":true,"href":"https:\/\/chacosintesis.com.ar\/index.php\/wp-json\/wp\/v2\/comments?post=20994"}],"version-history":[{"count":0,"href":"https:\/\/chacosintesis.com.ar\/index.php\/wp-json\/wp\/v2\/posts\/20994\/revisions"}],"wp:featuredmedia":[{"embeddable":true,"href":"https:\/\/chacosintesis.com.ar\/index.php\/wp-json\/wp\/v2\/media\/20995"}],"wp:attachment":[{"href":"https:\/\/chacosintesis.com.ar\/index.php\/wp-json\/wp\/v2\/media?parent=20994"}],"wp:term":[{"taxonomy":"category","embeddable":true,"href":"https:\/\/chacosintesis.com.ar\/index.php\/wp-json\/wp\/v2\/categories?post=20994"},{"taxonomy":"post_tag","embeddable":true,"href":"https:\/\/chacosintesis.com.ar\/index.php\/wp-json\/wp\/v2\/tags?post=20994"}],"curies":[{"name":"wp","href":"https:\/\/api.w.org\/{rel}","templated":true}]}}