{"id":20950,"date":"2023-04-27T21:55:56","date_gmt":"2023-04-28T00:55:56","guid":{"rendered":"https:\/\/chacosintesis.com.ar\/?p=20950"},"modified":"2023-04-27T22:06:52","modified_gmt":"2023-04-28T01:06:52","slug":"sueno-cumplido-para-432-familias-con-los-nuevos-titulos-de-propiedad-entregados-en-resistencia","status":"publish","type":"post","link":"https:\/\/chacosintesis.com.ar\/index.php\/sueno-cumplido-para-432-familias-con-los-nuevos-titulos-de-propiedad-entregados-en-resistencia\/","title":{"rendered":"Sue\u00f1o cumplido para 432 familias con los nuevos t\u00edtulos de propiedad entregados en Resistencia"},"content":{"rendered":"<p>Las familias contar\u00e1n con la documentaci\u00f3n que certifica su leg\u00edtima posesi\u00f3n, protegi\u00e9ndolas jur\u00eddicamente y generando adem\u00e1s un legado familiar.<\/p>\n<p>El gobernador Jorge Capitanich, junto al presidente del Instituto Provincial de Desarrollo Urbano y Viviendas (IPDUV), Diego Ar\u00e9valo, hizo entrega de 432 t\u00edtulos de propiedad de viviendas, que se enmarcan en las pol\u00edticas del Gobierno Provincial para la regularizaci\u00f3n, desarrollo urbano y ordenamiento territorial que permita garantizar la seguridad jur\u00eddica a m\u00e1s familias chaque\u00f1as.<br \/>\n\u201cNos da una gran alegr\u00eda poder adjudicar este t\u00edtulo que, en muchos casos, han esperado con mucha paciencia y durante mucho tiempo, en donde las familias lo que hicieron fue pagar sus respectivas cuotas y gestionar el t\u00edtulo\u201d dijo Capitanich. Adem\u00e1s, remarc\u00f3 que en este per\u00edodo 2019-2023, el Gobierno trabaja en un plan de regularizaci\u00f3n de 12.000 t\u00edtulos de propiedad.<br \/>\nLas familias beneficiadas son de los barrios Guiraldes, Llaponagat, Cosecha, Amtter, UTA, Copervi, Gastron\u00f3micos, Mupune, Alimentaci\u00f3n, Bancarios, Empresarios, Juan Bautista Alberdi, Udocha, 13 de Diciembre, El Changuito, Cosmet\u00f3logos, Mupesa, UPCP, Villa Aeropuerto, 440 Viviendas, Hip\u00f3lito Irigoyen, 100 Viviendas, CGT, 240 Viviendas, 244 Viviendas, COVPE. Algunas recibieron el t\u00edtulo de su propiedad luego de 35 a\u00f1os.<br \/>\nEn la jornada, Capitanich hizo hincapi\u00e9 en los beneficios a las y los adjudicatarios de contar con la escritura, entre ellos, la seguridad jur\u00eddica, acceso al cr\u00e9dito, acceso a servicios p\u00fablicos indispensables, es un legado para las familias, incentiva a la inversi\u00f3n y significa una protecci\u00f3n legal y social a trav\u00e9s de una cl\u00e1usula de inembargabilidad en las escrituras de hipotecas del IPDUV.<br \/>\nAdem\u00e1s, otorga igualdad de derechos, aporta arraigo de las y los vecinos, entre otros beneficios. \u201cSon much\u00edsimos los atributos que esto tiene y los efectos que genera\u201d expres\u00f3 el gobernador.<br \/>\nTambi\u00e9n, el mandatario se refiri\u00f3 al trabajo que se realiza desde el IPDUV que trabaja en el proceso de concretar 33 leyes de expropiaci\u00f3n en toda la provincia, la regularizaci\u00f3n y ocupaci\u00f3n efectiva de locales comerciales, cocheras y la intervenci\u00f3n en el proceso de conformaci\u00f3n de los consorcios barriales.<br \/>\nConstrucci\u00f3n de viviendas<br \/>\n El gobernador tambi\u00e9n se refiri\u00f3 a las viviendas en ejecuci\u00f3n, donde \u201ctenemos casi 10.000 viviendas con distintos mecanismos de financiamiento y 25.000 soluciones habitacionales en este per\u00edodo\u201d, dijo.<br \/>\nEn materia de regularizaci\u00f3n dominial, Capitanich inform\u00f3 que est\u00e1 la posibilidad de regularizar casi 33.000 inmuebles urbanos, que a\u00fan faltan, pero que se alcanzaron los primeros 12.000. \u201cNuestras fuentes de financiamiento son el recurso del Fondo Nacional de la Vivienda, el recupero de las cuotas por cobrar y muchos recursos del Estado Provincial para cumplir las metas de la construcci\u00f3n, porque acceder al inmueble es una tarea dura y el Estado aqu\u00ed cumple un rol fundamental\u201d, se\u00f1al\u00f3 el mandatario.<br \/>\nA su turno, el presidente del IPDUV, Diego Ar\u00e9valo, celebr\u00f3 poder entregar los t\u00edtulos de propiedad en mano de quienes hace tantos a\u00f1os esperan. \u201cCelebramos esta entrega, darles el derecho a ser due\u00f1os, permitirles a ustedes, a sus hijos, a sus nietos, un legado realmente que pueda ser transferido\u201d, expres\u00f3, ratificando que \u201ces el paso final de lo que el Estado tiene que hacer cuando hace un plano habitacional: hacerlos due\u00f1os de esa vivienda que recibieron alguna vez\u201d.<br \/>\nAsimismo, alent\u00f3 a quienes hoy recibieron el t\u00edtulo de propiedad a avisar a sus vecinos y allegados que \u201cestamos haciendo los t\u00edtulos, estamos regularizando las situaciones, que se acerquen porque si ustedes pudieron hacer sus t\u00edtulos tambi\u00e9n sus vecinos tienen el problema resuelto\u201d, concluy\u00f3.<br \/>\nParticiparon de la entrega los vocales del IPDUV, Mirko Nicolich, Mariano Brahim y las familias beneficiadas con los nuevos t\u00edtulos de propiedad.<br \/>\nTras muchos a\u00f1os de espera, un sue\u00f1o hecho realidad<br \/>\n Los beneficiarios tambi\u00e9n manifestaron su felicidad por la entrega del t\u00edtulo de propiedad, en el caso de Mabel, Zacar\u00edas, se mostr\u00f3 muy emocionada y sostuvo: \u201cEspere muchos a\u00f1os (desde 1990), hab\u00eda cancelado la cuenta y hoy llego el gran d\u00eda, por eso, gracias a las autoridades\u201d.<br \/>\nEn el caso de Jorge Luis Horot, quien comparte techo con su esposa e hijos expres\u00f3 que sent\u00eda \u201cuna gran emoci\u00f3n, y me parece muy bien que el Gobierno est\u00e9 cerca de la gente, de los vecinos\u201d, manifest\u00f3.<\/p>\n","protected":false},"excerpt":{"rendered":"<p>Las familias contar\u00e1n con la documentaci\u00f3n que certifica su leg\u00edtima posesi\u00f3n, protegi\u00e9ndolas jur\u00eddicamente y generando adem\u00e1s un legado familiar. El gobernador Jorge Capitanich, junto al presidente del Instituto Provincial de Desarrollo Urbano y Viviendas (IPDUV), Diego Ar\u00e9valo, hizo entrega de 432 t\u00edtulos de propiedad de viviendas, que se enmarcan en las pol\u00edticas del Gobierno Provincial [&hellip;]<\/p>\n","protected":false},"author":1,"featured_media":20951,"comment_status":"closed","ping_status":"closed","sticky":false,"template":"","format":"standard","meta":{"footnotes":""},"categories":[6],"tags":[],"class_list":{"0":"post-20950","1":"post","2":"type-post","3":"status-publish","4":"format-standard","5":"has-post-thumbnail","7":"category-chaco"},"_links":{"self":[{"href":"https:\/\/chacosintesis.com.ar\/index.php\/wp-json\/wp\/v2\/posts\/20950","targetHints":{"allow":["GET"]}}],"collection":[{"href":"https:\/\/chacosintesis.com.ar\/index.php\/wp-json\/wp\/v2\/posts"}],"about":[{"href":"https:\/\/chacosintesis.com.ar\/index.php\/wp-json\/wp\/v2\/types\/post"}],"author":[{"embeddable":true,"href":"https:\/\/chacosintesis.com.ar\/index.php\/wp-json\/wp\/v2\/users\/1"}],"replies":[{"embeddable":true,"href":"https:\/\/chacosintesis.com.ar\/index.php\/wp-json\/wp\/v2\/comments?post=20950"}],"version-history":[{"count":0,"href":"https:\/\/chacosintesis.com.ar\/index.php\/wp-json\/wp\/v2\/posts\/20950\/revisions"}],"wp:featuredmedia":[{"embeddable":true,"href":"https:\/\/chacosintesis.com.ar\/index.php\/wp-json\/wp\/v2\/media\/20951"}],"wp:attachment":[{"href":"https:\/\/chacosintesis.com.ar\/index.php\/wp-json\/wp\/v2\/media?parent=20950"}],"wp:term":[{"taxonomy":"category","embeddable":true,"href":"https:\/\/chacosintesis.com.ar\/index.php\/wp-json\/wp\/v2\/categories?post=20950"},{"taxonomy":"post_tag","embeddable":true,"href":"https:\/\/chacosintesis.com.ar\/index.php\/wp-json\/wp\/v2\/tags?post=20950"}],"curies":[{"name":"wp","href":"https:\/\/api.w.org\/{rel}","templated":true}]}}