{"id":20948,"date":"2023-04-27T21:41:36","date_gmt":"2023-04-28T00:41:36","guid":{"rendered":"https:\/\/chacosintesis.com.ar\/?p=20948"},"modified":"2023-04-27T22:06:51","modified_gmt":"2023-04-28T01:06:51","slug":"circulaba-en-su-camioneta-se-le-cayeron-dos-postes-de-luz-y-murio-electrocutado","status":"publish","type":"post","link":"https:\/\/chacosintesis.com.ar\/index.php\/circulaba-en-su-camioneta-se-le-cayeron-dos-postes-de-luz-y-murio-electrocutado\/","title":{"rendered":"Circulaba en su camioneta, se le cayeron dos postes de luz y muri\u00f3 electrocutado"},"content":{"rendered":"<p>El tr\u00e1gico accidente ocurri\u00f3 este jueves alrededor de las 10:30 de la ma\u00f1ana a pocos metros de la delegaci\u00f3n municipal de Zaparinqui, cuando un empleado municipal circulaba en una camioneta S10 e ins\u00f3litamente recibi\u00f3 la descarga de cables de alta tensi\u00f3n que impactaron sobre el veh\u00edculo, tras la ca\u00edda de dos postes de luz.<br \/>\n Seg\u00fan explicaron a NORTE testigos del lugar, el empleado de la municipalidad de Castelli circulaba en la camioneta en el sentido Norte &#8211; Sur,  con un cargamento de ladrillos, cuando dos postes de alta tensi\u00f3n cayeron hacia la calle,  provoc\u00e1ndole la muerte en forma inmediata.<br \/>\nLa polic\u00eda confirm\u00f3 que el hombre fue identificado como Germ\u00e1n Delgado, quien muri\u00f3 en el acto producto de la descarga el\u00e9ctrica. En tanto la delegada municipal de la localidad que lo acompa\u00f1aba en el veh\u00edculo fue trasladada en ambulancia al hospital  Bicentenario de Castelli, con una profunda crisis nerviosa, pero sin lesiones; seg\u00fan el informe m\u00e9dico.<\/p>\n<p>Los peritos del Poder Judicial y la polic\u00eda trabajaron en el lugar para tratar de establecer las causas de la ca\u00edda de los postes que provocaron la tragedia.<br \/>\nSeg\u00fan las primeras hip\u00f3tesis, uno de los postes habr\u00eda recibido el impacto de un veh\u00edculo  que sal\u00eda de una obra en construcci\u00f3n, lo que ocasion\u00f3  su ca\u00edda. Luego con el mismo impulso termin\u00f3 derribando a un segundo postes hacia la v\u00eda p\u00fablica. Al lugar concurri\u00f3 el intendente Pio Sander junto a funcionarios de gabinete para acompa\u00f1ar a los familiares del fallecido.<br \/>\n DIARIO NROTE.-<\/p>\n","protected":false},"excerpt":{"rendered":"<p>El tr\u00e1gico accidente ocurri\u00f3 este jueves alrededor de las 10:30 de la ma\u00f1ana a pocos metros de la delegaci\u00f3n municipal de Zaparinqui, cuando un empleado municipal circulaba en una camioneta S10 e ins\u00f3litamente recibi\u00f3 la descarga de cables de alta tensi\u00f3n que impactaron sobre el veh\u00edculo, tras la ca\u00edda de dos postes de luz. Seg\u00fan [&hellip;]<\/p>\n","protected":false},"author":1,"featured_media":20949,"comment_status":"closed","ping_status":"closed","sticky":false,"template":"","format":"standard","meta":{"footnotes":""},"categories":[6],"tags":[197],"class_list":{"0":"post-20948","1":"post","2":"type-post","3":"status-publish","4":"format-standard","5":"has-post-thumbnail","7":"category-chaco","8":"tag-destacada"},"_links":{"self":[{"href":"https:\/\/chacosintesis.com.ar\/index.php\/wp-json\/wp\/v2\/posts\/20948","targetHints":{"allow":["GET"]}}],"collection":[{"href":"https:\/\/chacosintesis.com.ar\/index.php\/wp-json\/wp\/v2\/posts"}],"about":[{"href":"https:\/\/chacosintesis.com.ar\/index.php\/wp-json\/wp\/v2\/types\/post"}],"author":[{"embeddable":true,"href":"https:\/\/chacosintesis.com.ar\/index.php\/wp-json\/wp\/v2\/users\/1"}],"replies":[{"embeddable":true,"href":"https:\/\/chacosintesis.com.ar\/index.php\/wp-json\/wp\/v2\/comments?post=20948"}],"version-history":[{"count":0,"href":"https:\/\/chacosintesis.com.ar\/index.php\/wp-json\/wp\/v2\/posts\/20948\/revisions"}],"wp:featuredmedia":[{"embeddable":true,"href":"https:\/\/chacosintesis.com.ar\/index.php\/wp-json\/wp\/v2\/media\/20949"}],"wp:attachment":[{"href":"https:\/\/chacosintesis.com.ar\/index.php\/wp-json\/wp\/v2\/media?parent=20948"}],"wp:term":[{"taxonomy":"category","embeddable":true,"href":"https:\/\/chacosintesis.com.ar\/index.php\/wp-json\/wp\/v2\/categories?post=20948"},{"taxonomy":"post_tag","embeddable":true,"href":"https:\/\/chacosintesis.com.ar\/index.php\/wp-json\/wp\/v2\/tags?post=20948"}],"curies":[{"name":"wp","href":"https:\/\/api.w.org\/{rel}","templated":true}]}}