{"id":20946,"date":"2023-04-27T21:39:53","date_gmt":"2023-04-28T00:39:53","guid":{"rendered":"https:\/\/chacosintesis.com.ar\/?p=20946"},"modified":"2023-04-27T22:06:50","modified_gmt":"2023-04-28T01:06:50","slug":"polini-se-reunio-con-integrantes-de-la-sociedad-rural-argentina","status":"publish","type":"post","link":"https:\/\/chacosintesis.com.ar\/index.php\/polini-se-reunio-con-integrantes-de-la-sociedad-rural-argentina\/","title":{"rendered":"Polini se reuni\u00f3 con integrantes de la Sociedad Rural Argentina"},"content":{"rendered":"<p>El farmac\u00e9utico, productor agropecuario y precandidato a gobernador fue convocado por la dirigencia de la Sociedad Rural Argentina con el fin de presentarle un \u201cLineamiento de Pol\u00edticas P\u00fablicas\u201d.<br \/>\nCarlos Vera, director de acci\u00f3n pol\u00edtica de la Sociedad Rural Argentina remarc\u00f3 \u201cLos productores argentinos sabemos lo que hacemos, por eso les pedimos a los pol\u00edticos que nos dejen trabajar en paz, no necesitamos que nos den nada, solo que nos dejen trabajar libremente\u201d. As\u00ed mismo destac\u00f3 el trabajo realizado por la mesa de enlace regional que promovi\u00f3 esta convocatoria que cont\u00f3 con la presencia del presidente de la SRA, instituciones y productores que en la ocasi\u00f3n pudieron manifestar las preocupaciones y las problem\u00e1ticas del sector en la regi\u00f3n. \u201cDesde el di\u00e1logo maduro podremos entre todos generar pol\u00edticas para el desarrollo de la regi\u00f3n y el pa\u00eds, con el campo como el principal promotor de riquezas que tiene Argentina\u201d; sentenci\u00f3.<br \/>\nPolini: \u201cMe voy a poner al frente de esta lucha\u201d<br \/>\nPor su parte, Polini remarc\u00f3 \u201cSoy un productor, entiendo perfectamente la problem\u00e1tica del sector porque la vivo todos los d\u00edas en mi empresa, entiendo que es necesario un reordenamiento impositivo que vaya en concordancia con la modernizaci\u00f3n laboral, hoy el productor para salir de la crisis signada por la presi\u00f3n impositiva y la sequ\u00eda necesita que exista la voluntad pol\u00edtica de acompa\u00f1arlo sac\u00e1ndole ese peso de encima, basta de expresiones de deseo, de una vez por todas hay que generar la posibilidad de que esos aportes vayan donde tienen que ir, hay que reorganizar todo el sistema, si el pueblo me acompa\u00f1a a partir del 10 de diciembre ser\u00e9 el primero en ponerme al frente de esta lucha y de las que hagan falta para garantizar un Chaco libre en que se pueda trabajar y producir en paz, con previsibilidad, orden y trabajo, ese es el camino para vivir mejor\u201d<\/p>\n","protected":false},"excerpt":{"rendered":"<p>El farmac\u00e9utico, productor agropecuario y precandidato a gobernador fue convocado por la dirigencia de la Sociedad Rural Argentina con el fin de presentarle un \u201cLineamiento de Pol\u00edticas P\u00fablicas\u201d. Carlos Vera, director de acci\u00f3n pol\u00edtica de la Sociedad Rural Argentina remarc\u00f3 \u201cLos productores argentinos sabemos lo que hacemos, por eso les pedimos a los pol\u00edticos que [&hellip;]<\/p>\n","protected":false},"author":1,"featured_media":20947,"comment_status":"closed","ping_status":"closed","sticky":false,"template":"","format":"standard","meta":{"footnotes":""},"categories":[6],"tags":[],"class_list":{"0":"post-20946","1":"post","2":"type-post","3":"status-publish","4":"format-standard","5":"has-post-thumbnail","7":"category-chaco"},"_links":{"self":[{"href":"https:\/\/chacosintesis.com.ar\/index.php\/wp-json\/wp\/v2\/posts\/20946","targetHints":{"allow":["GET"]}}],"collection":[{"href":"https:\/\/chacosintesis.com.ar\/index.php\/wp-json\/wp\/v2\/posts"}],"about":[{"href":"https:\/\/chacosintesis.com.ar\/index.php\/wp-json\/wp\/v2\/types\/post"}],"author":[{"embeddable":true,"href":"https:\/\/chacosintesis.com.ar\/index.php\/wp-json\/wp\/v2\/users\/1"}],"replies":[{"embeddable":true,"href":"https:\/\/chacosintesis.com.ar\/index.php\/wp-json\/wp\/v2\/comments?post=20946"}],"version-history":[{"count":0,"href":"https:\/\/chacosintesis.com.ar\/index.php\/wp-json\/wp\/v2\/posts\/20946\/revisions"}],"wp:featuredmedia":[{"embeddable":true,"href":"https:\/\/chacosintesis.com.ar\/index.php\/wp-json\/wp\/v2\/media\/20947"}],"wp:attachment":[{"href":"https:\/\/chacosintesis.com.ar\/index.php\/wp-json\/wp\/v2\/media?parent=20946"}],"wp:term":[{"taxonomy":"category","embeddable":true,"href":"https:\/\/chacosintesis.com.ar\/index.php\/wp-json\/wp\/v2\/categories?post=20946"},{"taxonomy":"post_tag","embeddable":true,"href":"https:\/\/chacosintesis.com.ar\/index.php\/wp-json\/wp\/v2\/tags?post=20946"}],"curies":[{"name":"wp","href":"https:\/\/api.w.org\/{rel}","templated":true}]}}